{"id":2618,"date":"2026-01-14T10:51:21","date_gmt":"2026-01-14T16:51:21","guid":{"rendered":"https:\/\/turismo.campeche.gob.mx\/?p=2618"},"modified":"2026-01-19T10:52:36","modified_gmt":"2026-01-19T16:52:36","slug":"%f0%9d%97%9f%f0%9d%97%ae-%f0%9d%97%b0%f0%9d%97%ae%f0%9d%97%bd%f0%9d%97%ae%f0%9d%97%b0%f0%9d%97%b6%f0%9d%98%81%f0%9d%97%ae%f0%9d%97%b0%f0%9d%97%b6%f0%9d%97%bc%f0%9d%97%bb-%f0%9d%97%b2%f0%9d%98%80","status":"publish","type":"post","link":"https:\/\/turismo.campeche.gob.mx\/?p=2618","title":{"rendered":"\ud835\udddf\ud835\uddee \ud835\uddf0\ud835\uddee\ud835\uddfd\ud835\uddee\ud835\uddf0\ud835\uddf6\ud835\ude01\ud835\uddee\ud835\uddf0\ud835\uddf6\ud835\uddfc\u0301\ud835\uddfb \ud835\uddf2\ud835\ude00 \ud835\uddf0\ud835\uddf9\ud835\uddee\ud835\ude03\ud835\uddf2 \ud835\uddfd\ud835\uddee\ud835\uddff\ud835\uddee \ud835\uddf3\ud835\uddfc\ud835\uddff\ud835\ude01\ud835\uddee\ud835\uddf9\ud835\uddf2\ud835\uddf0\ud835\uddf2\ud835\uddff \ud835\uddf2\ud835\uddf9 \ud835\ude01\ud835\ude02\ud835\uddff\ud835\uddf6\ud835\ude00\ud835\uddfa\ud835\uddfc \ud835\uddf2\ud835\uddfb \ud835\uddd6\ud835\uddee\ud835\uddfa\ud835\uddfd\ud835\uddf2\ud835\uddf0\ud835\uddf5\ud835\uddf2."},"content":{"rendered":"\n<p>La formaci\u00f3n constante de los prestadores de servicios <a><\/a>tur\u00edsticos y del personal del sector es una herramienta fundamental para brindar una atenci\u00f3n de calidad a quienes nos visitan.<\/p>\n\n\n\n<p>Con este objetivo, la Secretaria de Turismo del Estado, <a href=\"https:\/\/www.facebook.com\/profile.php?id=61581700576633&amp;__cft__[0]=AZbv8D0ZmzslsgNcuprW5iSRlQXXKuiBg_xjP-7dGkPclSlgmWakAS1Sy_V2N93G58_Wkt-TLhLkxY0pR1ec5tCbF7QtQPs9G4DG18Xc6mHBMF-9DpzIxj850oDDAAVbxhClFOL7oXpevXA_cEGfOkRDOTfyji4auvA_QM-QvxPuzTleWGfpctEIDh1wsDJEDig&amp;__tn__=-]K-R\">Adda Solis Peniche<\/a>, y el Director General del ICATCAM, <a href=\"https:\/\/www.facebook.com\/estebanyammx?__cft__[0]=AZbv8D0ZmzslsgNcuprW5iSRlQXXKuiBg_xjP-7dGkPclSlgmWakAS1Sy_V2N93G58_Wkt-TLhLkxY0pR1ec5tCbF7QtQPs9G4DG18Xc6mHBMF-9DpzIxj850oDDAAVbxhClFOL7oXpevXA_cEGfOkRDOTfyji4auvA_QM-QvxPuzTleWGfpctEIDh1wsDJEDig&amp;__tn__=-]K-R\">Esteban Yam<\/a>, llevaron a cabo la \ud835\uddf3\ud835\uddf6\ud835\uddff\ud835\uddfa\ud835\uddee \ud835\uddf1\ud835\uddf2\ud835\uddf9 \ud835\uddd6\ud835\uddfc\ud835\uddfb\ud835\ude03\ud835\uddf2\ud835\uddfb\ud835\uddf6\ud835\uddfc \ud835\uddf1\ud835\uddf2 \ud835\uddd6\ud835\uddfc\ud835\uddf9\ud835\uddee\ud835\uddef\ud835\uddfc\ud835\uddff\ud835\uddee\ud835\uddf0\ud835\uddf6\ud835\uddfc\u0301\ud835\uddfb entre ambas dependencias, sumando esfuerzos para impulsar la profesionalizaci\u00f3n del sector tur\u00edstico.<\/p>\n\n\n\n<p>Esta alianza permitir\u00e1 fortalecer las competencias, elevar los est\u00e1ndares de servicio y consolidar a Campeche como un destino competitivo y con proyecci\u00f3n internacional.<\/p>\n\n\n\n<figure class=\"wp-block-image size-large\"><img loading=\"lazy\" decoding=\"async\" width=\"1024\" height=\"682\" src=\"https:\/\/turismo.campeche.gob.mx\/wp-content\/uploads\/615462794_1191507723133782_239298037692747149_n-1024x682.jpg\" alt=\"\" class=\"wp-image-2619\" srcset=\"https:\/\/turismo.campeche.gob.mx\/wp-content\/uploads\/615462794_1191507723133782_239298037692747149_n-1024x682.jpg 1024w, https:\/\/turismo.campeche.gob.mx\/wp-content\/uploads\/615462794_1191507723133782_239298037692747149_n-980x653.jpg 980w, https:\/\/turismo.campeche.gob.mx\/wp-content\/uploads\/615462794_1191507723133782_239298037692747149_n-480x320.jpg 480w\" sizes=\"(min-width: 0px) and (max-width: 480px) 480px, (min-width: 481px) and (max-width: 980px) 980px, (min-width: 981px) 1024px, 100vw\" \/><\/figure>\n","protected":false},"excerpt":{"rendered":"<p>La formaci\u00f3n constante de los prestadores de servicios tur\u00edsticos y del personal del sector es una herramienta fundamental para brindar una atenci\u00f3n de calidad a quienes nos visitan. Con este objetivo, la Secretaria de Turismo del Estado, Adda Solis Peniche, y el Director General del ICATCAM, Esteban Yam, llevaron a cabo la \ud835\uddf3\ud835\uddf6\ud835\uddff\ud835\uddfa\ud835\uddee \ud835\uddf1\ud835\uddf2\ud835\uddf9 \ud835\uddd6\ud835\uddfc\ud835\uddfb\ud835\ude03\ud835\uddf2\ud835\uddfb\ud835\uddf6\ud835\uddfc [&hellip;]<\/p>\n","protected":false},"author":4,"featured_media":2620,"comment_status":"open","ping_status":"open","sticky":false,"template":"","format":"standard","meta":{"_acf_changed":false,"_et_pb_use_builder":"off","_et_pb_old_content":"","_et_gb_content_width":"","inline_featured_image":false,"footnotes":""},"categories":[37],"tags":[],"acf":[],"_links":{"self":[{"href":"https:\/\/turismo.campeche.gob.mx\/index.php?rest_route=\/wp\/v2\/posts\/2618"}],"collection":[{"href":"https:\/\/turismo.campeche.gob.mx\/index.php?rest_route=\/wp\/v2\/posts"}],"about":[{"href":"https:\/\/turismo.campeche.gob.mx\/index.php?rest_route=\/wp\/v2\/types\/post"}],"author":[{"embeddable":true,"href":"https:\/\/turismo.campeche.gob.mx\/index.php?rest_route=\/wp\/v2\/users\/4"}],"replies":[{"embeddable":true,"href":"https:\/\/turismo.campeche.gob.mx\/index.php?rest_route=%2Fwp%2Fv2%2Fcomments&post=2618"}],"version-history":[{"count":1,"href":"https:\/\/turismo.campeche.gob.mx\/index.php?rest_route=\/wp\/v2\/posts\/2618\/revisions"}],"predecessor-version":[{"id":2621,"href":"https:\/\/turismo.campeche.gob.mx\/index.php?rest_route=\/wp\/v2\/posts\/2618\/revisions\/2621"}],"wp:featuredmedia":[{"embeddable":true,"href":"https:\/\/turismo.campeche.gob.mx\/index.php?rest_route=\/wp\/v2\/media\/2620"}],"wp:attachment":[{"href":"https:\/\/turismo.campeche.gob.mx\/index.php?rest_route=%2Fwp%2Fv2%2Fmedia&parent=2618"}],"wp:term":[{"taxonomy":"category","embeddable":true,"href":"https:\/\/turismo.campeche.gob.mx\/index.php?rest_route=%2Fwp%2Fv2%2Fcategories&post=2618"},{"taxonomy":"post_tag","embeddable":true,"href":"https:\/\/turismo.campeche.gob.mx\/index.php?rest_route=%2Fwp%2Fv2%2Ftags&post=2618"}],"curies":[{"name":"wp","href":"https:\/\/api.w.org\/{rel}","templated":true}]}}