{"id":2611,"date":"2026-01-13T10:44:46","date_gmt":"2026-01-13T16:44:46","guid":{"rendered":"https:\/\/turismo.campeche.gob.mx\/?p=2611"},"modified":"2026-01-19T10:46:20","modified_gmt":"2026-01-19T16:46:20","slug":"la-capacitacion-fortalece-la-experiencia-turistica-en-el-centro-historico-de-campeche","status":"publish","type":"post","link":"https:\/\/turismo.campeche.gob.mx\/?p=2611","title":{"rendered":"La capacitaci\u00f3n fortalece la experiencia tur\u00edstica en el Centro Hist\u00f3rico de Campeche."},"content":{"rendered":"\n<p>Con el objetivo de \ud835\uddf3\ud835\uddfc\ud835\uddff\ud835\ude01\ud835\uddee\ud835\uddf9\ud835\uddf2\ud835\uddf0\ud835\uddf2\ud835\uddff \ud835\uddf9\ud835\uddee \ud835\uddee\ud835\ude01\ud835\uddf2\ud835\uddfb\ud835\uddf0\ud835\uddf6\ud835\uddfc\u0301\ud835\uddfb \ud835\uddee\ud835\uddf9 \ud835\ude03\ud835\uddf6\ud835\ude00\ud835\uddf6\ud835\ude01\ud835\uddee\ud835\uddfb\ud835\ude01\ud835\uddf2 y la identidad tur\u00edstica, se llev\u00f3 a cabo el Curso de Cultura Tur\u00edstica y Patrimonio Tur\u00edstico dirigido a<a><\/a> los \ud835\uddef\ud835\uddfc\ud835\uddf9\ud835\uddf2\ud835\uddff\ud835\uddfc\ud835\ude00 \ud835\uddf1\ud835\uddf2\ud835\uddf9 \ud835\udde3\ud835\uddee\ud835\uddff\ud835\uddfe\ud835\ude02\ud835\uddf2 \ud835\udde3\ud835\uddff\ud835\uddf6\ud835\uddfb\ud835\uddf0\ud835\uddf6\ud835\uddfd\ud835\uddee\ud835\uddf9 \ud835\uddf1\ud835\uddf2\ud835\uddf9 \ud835\uddd6\ud835\uddf2\ud835\uddfb\ud835\ude01\ud835\uddff\ud835\uddfc \ud835\udddb\ud835\uddf6\ud835\ude00\ud835\ude01\ud835\uddfc\u0301\ud835\uddff\ud835\uddf6\ud835\uddf0\ud835\uddfc, quienes forman parte fundamental de la imagen y experiencia que vive quien visita nuestra ciudad.<\/p>\n\n\n\n<p>A trav\u00e9s de esta capacitaci\u00f3n, se impulsa que sean anfitriones del destino, promoviendo con orgullo la riqueza cultural, hist\u00f3rica y tur\u00edstica de Campeche, y contribuyendo a brindar una experiencia aut\u00e9ntica y de calidad a quienes nos visitan.<\/p>\n\n\n\n<p>Porque el turismo se construye entre todas y todos.<\/p>\n\n\n\n<figure class=\"wp-block-image size-large\"><img loading=\"lazy\" decoding=\"async\" width=\"800\" height=\"1067\" src=\"https:\/\/turismo.campeche.gob.mx\/wp-content\/uploads\/615089037_1190853593199195_4675576308447616614_n-1-edited.jpg\" alt=\"\" class=\"wp-image-2615\" srcset=\"https:\/\/turismo.campeche.gob.mx\/wp-content\/uploads\/615089037_1190853593199195_4675576308447616614_n-1-edited.jpg 800w, https:\/\/turismo.campeche.gob.mx\/wp-content\/uploads\/615089037_1190853593199195_4675576308447616614_n-1-edited-480x640.jpg 480w\" sizes=\"(min-width: 0px) and (max-width: 480px) 480px, (min-width: 481px) 800px, 100vw\" \/><\/figure>\n","protected":false},"excerpt":{"rendered":"<p>Con el objetivo de \ud835\uddf3\ud835\uddfc\ud835\uddff\ud835\ude01\ud835\uddee\ud835\uddf9\ud835\uddf2\ud835\uddf0\ud835\uddf2\ud835\uddff \ud835\uddf9\ud835\uddee \ud835\uddee\ud835\ude01\ud835\uddf2\ud835\uddfb\ud835\uddf0\ud835\uddf6\ud835\uddfc\u0301\ud835\uddfb \ud835\uddee\ud835\uddf9 \ud835\ude03\ud835\uddf6\ud835\ude00\ud835\uddf6\ud835\ude01\ud835\uddee\ud835\uddfb\ud835\ude01\ud835\uddf2 y la identidad tur\u00edstica, se llev\u00f3 a cabo el Curso de Cultura Tur\u00edstica y Patrimonio Tur\u00edstico dirigido a los \ud835\uddef\ud835\uddfc\ud835\uddf9\ud835\uddf2\ud835\uddff\ud835\uddfc\ud835\ude00 \ud835\uddf1\ud835\uddf2\ud835\uddf9 \ud835\udde3\ud835\uddee\ud835\uddff\ud835\uddfe\ud835\ude02\ud835\uddf2 \ud835\udde3\ud835\uddff\ud835\uddf6\ud835\uddfb\ud835\uddf0\ud835\uddf6\ud835\uddfd\ud835\uddee\ud835\uddf9 \ud835\uddf1\ud835\uddf2\ud835\uddf9 \ud835\uddd6\ud835\uddf2\ud835\uddfb\ud835\ude01\ud835\uddff\ud835\uddfc \ud835\udddb\ud835\uddf6\ud835\ude00\ud835\ude01\ud835\uddfc\u0301\ud835\uddff\ud835\uddf6\ud835\uddf0\ud835\uddfc, quienes forman parte fundamental de la imagen y experiencia que vive quien visita nuestra ciudad. A trav\u00e9s de esta capacitaci\u00f3n, [&hellip;]<\/p>\n","protected":false},"author":4,"featured_media":2612,"comment_status":"open","ping_status":"open","sticky":false,"template":"","format":"standard","meta":{"_acf_changed":false,"_et_pb_use_builder":"off","_et_pb_old_content":"","_et_gb_content_width":"","inline_featured_image":false,"footnotes":""},"categories":[37],"tags":[],"acf":[],"_links":{"self":[{"href":"https:\/\/turismo.campeche.gob.mx\/index.php?rest_route=\/wp\/v2\/posts\/2611"}],"collection":[{"href":"https:\/\/turismo.campeche.gob.mx\/index.php?rest_route=\/wp\/v2\/posts"}],"about":[{"href":"https:\/\/turismo.campeche.gob.mx\/index.php?rest_route=\/wp\/v2\/types\/post"}],"author":[{"embeddable":true,"href":"https:\/\/turismo.campeche.gob.mx\/index.php?rest_route=\/wp\/v2\/users\/4"}],"replies":[{"embeddable":true,"href":"https:\/\/turismo.campeche.gob.mx\/index.php?rest_route=%2Fwp%2Fv2%2Fcomments&post=2611"}],"version-history":[{"count":1,"href":"https:\/\/turismo.campeche.gob.mx\/index.php?rest_route=\/wp\/v2\/posts\/2611\/revisions"}],"predecessor-version":[{"id":2616,"href":"https:\/\/turismo.campeche.gob.mx\/index.php?rest_route=\/wp\/v2\/posts\/2611\/revisions\/2616"}],"wp:featuredmedia":[{"embeddable":true,"href":"https:\/\/turismo.campeche.gob.mx\/index.php?rest_route=\/wp\/v2\/media\/2612"}],"wp:attachment":[{"href":"https:\/\/turismo.campeche.gob.mx\/index.php?rest_route=%2Fwp%2Fv2%2Fmedia&parent=2611"}],"wp:term":[{"taxonomy":"category","embeddable":true,"href":"https:\/\/turismo.campeche.gob.mx\/index.php?rest_route=%2Fwp%2Fv2%2Fcategories&post=2611"},{"taxonomy":"post_tag","embeddable":true,"href":"https:\/\/turismo.campeche.gob.mx\/index.php?rest_route=%2Fwp%2Fv2%2Ftags&post=2611"}],"curies":[{"name":"wp","href":"https:\/\/api.w.org\/{rel}","templated":true}]}}