{"id":2602,"date":"2026-01-13T10:36:08","date_gmt":"2026-01-13T16:36:08","guid":{"rendered":"https:\/\/turismo.campeche.gob.mx\/?p=2602"},"modified":"2026-01-19T10:37:29","modified_gmt":"2026-01-19T16:37:29","slug":"trabajo-coordinado-posicionara-a-mexico-como-destino-de-clase-mundial","status":"publish","type":"post","link":"https:\/\/turismo.campeche.gob.mx\/?p=2602","title":{"rendered":"Trabajo coordinado posicionar\u00e1 a M\u00e9xico como destino de clase mundial."},"content":{"rendered":"\n<p>La titular de la Secretar\u00eda de Turismo, \ud835\uddd4\ud835\uddf1\ud835\uddf1\ud835\uddee \ud835\udde6\ud835\uddfc\ud835\uddf9\ud835\udeca\u0301\ud835\ude00 \ud835\udde3\ud835\uddf2\ud835\uddfb\ud835\uddf6\ud835\uddf0\ud835\uddf5\ud835\uddf2, particip\u00f3 en la reuni\u00f3n de trabajo con las y los secretarios de Turismo del pa\u00eds, encabezada por l<a><\/a>a Secretaria de Turismo del Gobierno de M\u00e9xico, Josefina Rodr\u00edguez Zamora, como parte de los trabajos estrat\u00e9gicos de preparaci\u00f3n rumbo a \ud835\uddd9\ud835\udddc\ud835\udde7\ud835\udde8\ud835\udde5 \ud835\udfee\ud835\udfec\ud835\udfee\ud835\udff2.<\/p>\n\n\n\n<p>En el marco de ASETUR, se consolidan acciones conjuntas orientadas a fortalecer la promoci\u00f3n tur\u00edstica de M\u00e9xico a nivel internacional, aprovechando la proyecci\u00f3n global que representa que nuestro pa\u00eds sea sede de la Copa Mundial de la FIFA 2026. Este evento constituye una oportunidad hist\u00f3rica para incrementar la visibilidad de los destinos mexicanos, atraer inversi\u00f3n, impulsar la llegada de visitantes y generar desarrollo econ\u00f3mico en las entidades federativas.<\/p>\n\n\n\n<p>\ud835\udddf\ud835\uddee \ud835\uddf0\ud835\uddfc\ud835\uddfc\ud835\uddff\ud835\uddf1\ud835\uddf6\ud835\uddfb\ud835\uddee\ud835\uddf0\ud835\uddf6\ud835\uddfc\u0301\ud835\uddfb \ud835\ude06 \ud835\uddf2\ud835\uddf9 \ud835\ude01\ud835\uddff\ud835\uddee\ud835\uddef\ud835\uddee\ud835\uddf7\ud835\uddfc \ud835\uddf0\ud835\uddfc\ud835\uddfb\ud835\uddf7\ud835\ude02\ud835\uddfb\ud835\ude01\ud835\uddfc \ud835\uddf2\ud835\uddfb\ud835\ude01\ud835\uddff\ud835\uddf2 \ud835\uddf9\ud835\uddfc\ud835\ude00 \ud835\uddf2\ud835\ude00\ud835\ude01\ud835\uddee\ud835\uddf1\ud835\uddfc\ud835\ude00 \ud835\uddfd\ud835\uddf2\ud835\uddff\ud835\uddfa\ud835\uddf6\ud835\ude01\ud835\uddf6\ud835\uddff\ud835\uddee\u0301 \ud835\uddfd\ud835\uddfc\ud835\ude00\ud835\uddf6\ud835\uddf0\ud835\uddf6\ud835\uddfc\ud835\uddfb\ud835\uddee\ud835\uddff \ud835\uddee \ud835\udde0\ud835\uddf2\u0301\ud835\ude05\ud835\uddf6\ud835\uddf0\ud835\uddfc \ud835\uddf0\ud835\uddfc\ud835\uddfa\ud835\uddfc \ud835\ude02\ud835\uddfb \ud835\uddf1\ud835\uddf2\ud835\ude00\ud835\ude01\ud835\uddf6\ud835\uddfb\ud835\uddfc \ud835\uddf1\ud835\uddf6\ud835\ude03\ud835\uddf2\ud835\uddff\ud835\ude00\ud835\uddfc, \ud835\uddf0\ud835\uddfc\ud835\uddfa\ud835\uddfd\ud835\uddf2\ud835\ude01\ud835\uddf6\ud835\ude01\ud835\uddf6\ud835\ude03\ud835\uddfc \ud835\ude06 \ud835\uddf1\ud835\uddf2 \ud835\uddf0\ud835\uddf9\ud835\uddee\ud835\ude00\ud835\uddf2 \ud835\uddfa\ud835\ude02\ud835\uddfb\ud835\uddf1\ud835\uddf6\ud835\uddee\ud835\uddf9.<\/p>\n\n\n\n<figure class=\"wp-block-image size-large\"><img loading=\"lazy\" decoding=\"async\" width=\"576\" height=\"1024\" src=\"https:\/\/turismo.campeche.gob.mx\/wp-content\/uploads\/616799051_1190750466542841_7222630335043543225_n-1-576x1024.jpg\" alt=\"\" class=\"wp-image-2605\" \/><\/figure>\n","protected":false},"excerpt":{"rendered":"<p>La titular de la Secretar\u00eda de Turismo, \ud835\uddd4\ud835\uddf1\ud835\uddf1\ud835\uddee \ud835\udde6\ud835\uddfc\ud835\uddf9\ud835\udeca\u0301\ud835\ude00 \ud835\udde3\ud835\uddf2\ud835\uddfb\ud835\uddf6\ud835\uddf0\ud835\uddf5\ud835\uddf2, particip\u00f3 en la reuni\u00f3n de trabajo con las y los secretarios de Turismo del pa\u00eds, encabezada por la Secretaria de Turismo del Gobierno de M\u00e9xico, Josefina Rodr\u00edguez Zamora, como parte de los trabajos estrat\u00e9gicos de preparaci\u00f3n rumbo a \ud835\uddd9\ud835\udddc\ud835\udde7\ud835\udde8\ud835\udde5 \ud835\udfee\ud835\udfec\ud835\udfee\ud835\udff2. En el marco de ASETUR, [&hellip;]<\/p>\n","protected":false},"author":4,"featured_media":2604,"comment_status":"open","ping_status":"open","sticky":false,"template":"","format":"standard","meta":{"_acf_changed":false,"_et_pb_use_builder":"off","_et_pb_old_content":"","_et_gb_content_width":"","inline_featured_image":false,"footnotes":""},"categories":[37],"tags":[],"acf":[],"_links":{"self":[{"href":"https:\/\/turismo.campeche.gob.mx\/index.php?rest_route=\/wp\/v2\/posts\/2602"}],"collection":[{"href":"https:\/\/turismo.campeche.gob.mx\/index.php?rest_route=\/wp\/v2\/posts"}],"about":[{"href":"https:\/\/turismo.campeche.gob.mx\/index.php?rest_route=\/wp\/v2\/types\/post"}],"author":[{"embeddable":true,"href":"https:\/\/turismo.campeche.gob.mx\/index.php?rest_route=\/wp\/v2\/users\/4"}],"replies":[{"embeddable":true,"href":"https:\/\/turismo.campeche.gob.mx\/index.php?rest_route=%2Fwp%2Fv2%2Fcomments&post=2602"}],"version-history":[{"count":2,"href":"https:\/\/turismo.campeche.gob.mx\/index.php?rest_route=\/wp\/v2\/posts\/2602\/revisions"}],"predecessor-version":[{"id":3036,"href":"https:\/\/turismo.campeche.gob.mx\/index.php?rest_route=\/wp\/v2\/posts\/2602\/revisions\/3036"}],"wp:featuredmedia":[{"embeddable":true,"href":"https:\/\/turismo.campeche.gob.mx\/index.php?rest_route=\/wp\/v2\/media\/2604"}],"wp:attachment":[{"href":"https:\/\/turismo.campeche.gob.mx\/index.php?rest_route=%2Fwp%2Fv2%2Fmedia&parent=2602"}],"wp:term":[{"taxonomy":"category","embeddable":true,"href":"https:\/\/turismo.campeche.gob.mx\/index.php?rest_route=%2Fwp%2Fv2%2Fcategories&post=2602"},{"taxonomy":"post_tag","embeddable":true,"href":"https:\/\/turismo.campeche.gob.mx\/index.php?rest_route=%2Fwp%2Fv2%2Ftags&post=2602"}],"curies":[{"name":"wp","href":"https:\/\/api.w.org\/{rel}","templated":true}]}}