{"id":2525,"date":"2025-11-14T08:49:47","date_gmt":"2025-11-14T14:49:47","guid":{"rendered":"https:\/\/turismo.campeche.gob.mx\/?p=2525"},"modified":"2025-11-19T08:50:40","modified_gmt":"2025-11-19T14:50:40","slug":"campeche-presente-en-la-septima-edicion-del-tianguis-nacional-de-pueblos-magicos-2025","status":"publish","type":"post","link":"https:\/\/turismo.campeche.gob.mx\/?p=2525","title":{"rendered":"Campeche presente en la S\u00e9ptima Edici\u00f3n del Tianguis Nacional de Pueblos M\u00e1gicos 2025"},"content":{"rendered":"\n<p>El estado de Campeche estuvo presente en la <strong>Inauguraci\u00f3n de la S\u00e9ptima Edici\u00f3n del Tianguis Nacional de Pueblos M\u00e1gicos 2025<\/strong>, uno de los encuentros m\u00e1s importantes del pa\u00eds para la proyecci\u00f3n y fortalecimiento de los destinos con gran valor cultural y tur\u00edstico.<\/p>\n\n\n\n<p>La secretaria de Turismo, <strong>Lic. Adda Sol\u00eds Peniche<\/strong>, asisti\u00f3 al acto inaugural realizado en el Pueblo M\u00e1gico de <strong>Real del Monte<\/strong>, Hidalgo. Este espacio re\u00fane a representantes de todo M\u00e9xico para promover la identidad, tradiciones y riqueza cultural que distinguen a los Pueblos M\u00e1gicos, as\u00ed como para impulsar oportunidades de negocio, intercambio de experiencias y estrategias de colaboraci\u00f3n.<\/p>\n\n\n\n<p>La participaci\u00f3n de Campeche en este foro nacional reafirma el compromiso del estado con la <strong>construcci\u00f3n de alianzas<\/strong>, la proyecci\u00f3n de su oferta tur\u00edstica y la consolidaci\u00f3n de un modelo de desarrollo sostenible que integre <strong>historia, naturaleza y tradici\u00f3n<\/strong>.<\/p>\n\n\n\n<p>Con esta presencia, Campeche contin\u00faa posicion\u00e1ndose como un destino que apuesta por la innovaci\u00f3n, el trabajo conjunto y la promoci\u00f3n responsable de su patrimonio.<\/p>\n\n\n\n<figure class=\"wp-block-image size-large\"><img loading=\"lazy\" decoding=\"async\" width=\"1024\" height=\"768\" src=\"https:\/\/turismo.campeche.gob.mx\/wp-content\/uploads\/\ud835\udde3\ud835\ude02\ud835\uddf2\ud835\uddef\ud835\uddf9\ud835\uddfc\ud835\ude00-\ud835\udde0a\ud835\uddf4\ud835\uddf6\ud835\uddf0\ud835\uddfc\ud835\ude00-\ud835\udfee\ud835\udfec\ud835\udfee\ud835\udff1-2-1-1024x768.jpg\" alt=\"\" class=\"wp-image-2526\" srcset=\"https:\/\/turismo.campeche.gob.mx\/wp-content\/uploads\/\ud835\udde3\ud835\ude02\ud835\uddf2\ud835\uddef\ud835\uddf9\ud835\uddfc\ud835\ude00-\ud835\udde0a\ud835\uddf4\ud835\uddf6\ud835\uddf0\ud835\uddfc\ud835\ude00-\ud835\udfee\ud835\udfec\ud835\udfee\ud835\udff1-2-1-1024x768.jpg 1024w, https:\/\/turismo.campeche.gob.mx\/wp-content\/uploads\/\ud835\udde3\ud835\ude02\ud835\uddf2\ud835\uddef\ud835\uddf9\ud835\uddfc\ud835\ude00-\ud835\udde0a\ud835\uddf4\ud835\uddf6\ud835\uddf0\ud835\uddfc\ud835\ude00-\ud835\udfee\ud835\udfec\ud835\udfee\ud835\udff1-2-1-300x225.jpg 300w, https:\/\/turismo.campeche.gob.mx\/wp-content\/uploads\/\ud835\udde3\ud835\ude02\ud835\uddf2\ud835\uddef\ud835\uddf9\ud835\uddfc\ud835\ude00-\ud835\udde0a\ud835\uddf4\ud835\uddf6\ud835\uddf0\ud835\uddfc\ud835\ude00-\ud835\udfee\ud835\udfec\ud835\udfee\ud835\udff1-2-1-768x576.jpg 768w, https:\/\/turismo.campeche.gob.mx\/wp-content\/uploads\/\ud835\udde3\ud835\ude02\ud835\uddf2\ud835\uddef\ud835\uddf9\ud835\uddfc\ud835\ude00-\ud835\udde0a\ud835\uddf4\ud835\uddf6\ud835\uddf0\ud835\uddfc\ud835\ude00-\ud835\udfee\ud835\udfec\ud835\udfee\ud835\udff1-2-1-1536x1152.jpg 1536w, https:\/\/turismo.campeche.gob.mx\/wp-content\/uploads\/\ud835\udde3\ud835\ude02\ud835\uddf2\ud835\uddef\ud835\uddf9\ud835\uddfc\ud835\ude00-\ud835\udde0a\ud835\uddf4\ud835\uddf6\ud835\uddf0\ud835\uddfc\ud835\ude00-\ud835\udfee\ud835\udfec\ud835\udfee\ud835\udff1-2-1-510x382.jpg 510w, https:\/\/turismo.campeche.gob.mx\/wp-content\/uploads\/\ud835\udde3\ud835\ude02\ud835\uddf2\ud835\uddef\ud835\uddf9\ud835\uddfc\ud835\ude00-\ud835\udde0a\ud835\uddf4\ud835\uddf6\ud835\uddf0\ud835\uddfc\ud835\ude00-\ud835\udfee\ud835\udfec\ud835\udfee\ud835\udff1-2-1-1080x810.jpg 1080w, https:\/\/turismo.campeche.gob.mx\/wp-content\/uploads\/\ud835\udde3\ud835\ude02\ud835\uddf2\ud835\uddef\ud835\uddf9\ud835\uddfc\ud835\ude00-\ud835\udde0a\ud835\uddf4\ud835\uddf6\ud835\uddf0\ud835\uddfc\ud835\ude00-\ud835\udfee\ud835\udfec\ud835\udfee\ud835\udff1-2-1-1280x960.jpg 1280w, https:\/\/turismo.campeche.gob.mx\/wp-content\/uploads\/\ud835\udde3\ud835\ude02\ud835\uddf2\ud835\uddef\ud835\uddf9\ud835\uddfc\ud835\ude00-\ud835\udde0a\ud835\uddf4\ud835\uddf6\ud835\uddf0\ud835\uddfc\ud835\ude00-\ud835\udfee\ud835\udfec\ud835\udfee\ud835\udff1-2-1-980x735.jpg 980w, https:\/\/turismo.campeche.gob.mx\/wp-content\/uploads\/\ud835\udde3\ud835\ude02\ud835\uddf2\ud835\uddef\ud835\uddf9\ud835\uddfc\ud835\ude00-\ud835\udde0a\ud835\uddf4\ud835\uddf6\ud835\uddf0\ud835\uddfc\ud835\ude00-\ud835\udfee\ud835\udfec\ud835\udfee\ud835\udff1-2-1-480x360.jpg 480w, https:\/\/turismo.campeche.gob.mx\/wp-content\/uploads\/\ud835\udde3\ud835\ude02\ud835\uddf2\ud835\uddef\ud835\uddf9\ud835\uddfc\ud835\ude00-\ud835\udde0a\ud835\uddf4\ud835\uddf6\ud835\uddf0\ud835\uddfc\ud835\ude00-\ud835\udfee\ud835\udfec\ud835\udfee\ud835\udff1-2-1.jpg 2048w\" sizes=\"(max-width: 1024px) 100vw, 1024px\" \/><\/figure>\n","protected":false},"excerpt":{"rendered":"<p>El estado de Campeche estuvo presente en la Inauguraci\u00f3n de la S\u00e9ptima Edici\u00f3n del Tianguis Nacional de Pueblos M\u00e1gicos 2025, uno de los encuentros m\u00e1s importantes del pa\u00eds para la proyecci\u00f3n y fortalecimiento de los destinos con gran valor cultural y tur\u00edstico. La secretaria de Turismo, Lic. Adda Sol\u00eds Peniche, asisti\u00f3 al acto inaugural realizado [&hellip;]<\/p>\n","protected":false},"author":4,"featured_media":2508,"comment_status":"open","ping_status":"open","sticky":false,"template":"","format":"standard","meta":{"_acf_changed":false,"_et_pb_use_builder":"off","_et_pb_old_content":"","_et_gb_content_width":"","inline_featured_image":false,"footnotes":""},"categories":[37],"tags":[],"acf":[],"_links":{"self":[{"href":"https:\/\/turismo.campeche.gob.mx\/index.php?rest_route=\/wp\/v2\/posts\/2525"}],"collection":[{"href":"https:\/\/turismo.campeche.gob.mx\/index.php?rest_route=\/wp\/v2\/posts"}],"about":[{"href":"https:\/\/turismo.campeche.gob.mx\/index.php?rest_route=\/wp\/v2\/types\/post"}],"author":[{"embeddable":true,"href":"https:\/\/turismo.campeche.gob.mx\/index.php?rest_route=\/wp\/v2\/users\/4"}],"replies":[{"embeddable":true,"href":"https:\/\/turismo.campeche.gob.mx\/index.php?rest_route=%2Fwp%2Fv2%2Fcomments&post=2525"}],"version-history":[{"count":2,"href":"https:\/\/turismo.campeche.gob.mx\/index.php?rest_route=\/wp\/v2\/posts\/2525\/revisions"}],"predecessor-version":[{"id":2528,"href":"https:\/\/turismo.campeche.gob.mx\/index.php?rest_route=\/wp\/v2\/posts\/2525\/revisions\/2528"}],"wp:featuredmedia":[{"embeddable":true,"href":"https:\/\/turismo.campeche.gob.mx\/index.php?rest_route=\/wp\/v2\/media\/2508"}],"wp:attachment":[{"href":"https:\/\/turismo.campeche.gob.mx\/index.php?rest_route=%2Fwp%2Fv2%2Fmedia&parent=2525"}],"wp:term":[{"taxonomy":"category","embeddable":true,"href":"https:\/\/turismo.campeche.gob.mx\/index.php?rest_route=%2Fwp%2Fv2%2Fcategories&post=2525"},{"taxonomy":"post_tag","embeddable":true,"href":"https:\/\/turismo.campeche.gob.mx\/index.php?rest_route=%2Fwp%2Fv2%2Ftags&post=2525"}],"curies":[{"name":"wp","href":"https:\/\/api.w.org\/{rel}","templated":true}]}}