{"id":2519,"date":"2025-11-12T08:44:12","date_gmt":"2025-11-12T14:44:12","guid":{"rendered":"https:\/\/turismo.campeche.gob.mx\/?p=2519"},"modified":"2025-11-19T08:47:14","modified_gmt":"2025-11-19T14:47:14","slug":"titular-de-la-secretaria-de-turismo-se-integra-al-comite-de-vinculacion-estatal-del-conalep-campeche","status":"publish","type":"post","link":"https:\/\/turismo.campeche.gob.mx\/?p=2519","title":{"rendered":"Titular de la Secretar\u00eda de Turismo se integra al Comit\u00e9 de Vinculaci\u00f3n Estatal del CONALEP Campeche"},"content":{"rendered":"\n<p>La secretaria de Turismo, <strong>Lic. Adda Sol\u00eds Peniche<\/strong>, rindi\u00f3 protesta como integrante del <strong>Comit\u00e9 de Vinculaci\u00f3n Estatal del CONALEP Campeche<\/strong>, organismo destinado a fortalecer la colaboraci\u00f3n entre los sectores educativo, empresarial y gubernamental para impulsar la formaci\u00f3n integral de las y los j\u00f3venes del estado.<\/p>\n\n\n\n<p>Este espacio permite consolidar alianzas estrat\u00e9gicas que favorecen el desarrollo acad\u00e9mico y profesional del alumnado, promoviendo nuevas oportunidades de crecimiento y preparando a futuras generaciones para integrarse con \u00e9xito al \u00e1mbito laboral.<\/p>\n\n\n\n<p>La Secretar\u00eda de Turismo reconoci\u00f3 el compromiso del <strong>Secretario de Educaci\u00f3n, Prof. V\u00edctor Manuel Sarmiento Maldonado<\/strong>, as\u00ed como de la <strong>Directora General del Colegio, Mtra. Ang\u00e9lica Lara<\/strong>, quienes lideran esfuerzos orientados a fortalecer la educaci\u00f3n t\u00e9cnica y profesional de la juventud campechana.<\/p>\n\n\n\n<p>Con esta participaci\u00f3n, la Secretar\u00eda de Turismo Campeche reafirma su convicci\u00f3n de seguir apoyando iniciativas que beneficien a la comunidad estudiantil, destacando que las y los j\u00f3venes son una pieza fundamental para el futuro y desarrollo de Campeche.<\/p>\n\n\n\n<figure class=\"wp-block-image size-large\"><img loading=\"lazy\" decoding=\"async\" width=\"1024\" height=\"682\" src=\"https:\/\/turismo.campeche.gob.mx\/wp-content\/uploads\/Vinculacion-\ud835\uddf1\ud835\uddf2\ud835\uddf9-\ud835\uddd6\ud835\udde2\ud835\udde1\ud835\uddd4\ud835\udddf\ud835\uddd8\ud835\udde3-1-1024x682.jpg\" alt=\"\" class=\"wp-image-2520\" srcset=\"https:\/\/turismo.campeche.gob.mx\/wp-content\/uploads\/Vinculacion-\ud835\uddf1\ud835\uddf2\ud835\uddf9-\ud835\uddd6\ud835\udde2\ud835\udde1\ud835\uddd4\ud835\udddf\ud835\uddd8\ud835\udde3-1-1024x682.jpg 1024w, https:\/\/turismo.campeche.gob.mx\/wp-content\/uploads\/Vinculacion-\ud835\uddf1\ud835\uddf2\ud835\uddf9-\ud835\uddd6\ud835\udde2\ud835\udde1\ud835\uddd4\ud835\udddf\ud835\uddd8\ud835\udde3-1-300x200.jpg 300w, https:\/\/turismo.campeche.gob.mx\/wp-content\/uploads\/Vinculacion-\ud835\uddf1\ud835\uddf2\ud835\uddf9-\ud835\uddd6\ud835\udde2\ud835\udde1\ud835\uddd4\ud835\udddf\ud835\uddd8\ud835\udde3-1-768x512.jpg 768w, https:\/\/turismo.campeche.gob.mx\/wp-content\/uploads\/Vinculacion-\ud835\uddf1\ud835\uddf2\ud835\uddf9-\ud835\uddd6\ud835\udde2\ud835\udde1\ud835\uddd4\ud835\udddf\ud835\uddd8\ud835\udde3-1-1080x720.jpg 1080w, https:\/\/turismo.campeche.gob.mx\/wp-content\/uploads\/Vinculacion-\ud835\uddf1\ud835\uddf2\ud835\uddf9-\ud835\uddd6\ud835\udde2\ud835\udde1\ud835\uddd4\ud835\udddf\ud835\uddd8\ud835\udde3-1-980x653.jpg 980w, https:\/\/turismo.campeche.gob.mx\/wp-content\/uploads\/Vinculacion-\ud835\uddf1\ud835\uddf2\ud835\uddf9-\ud835\uddd6\ud835\udde2\ud835\udde1\ud835\uddd4\ud835\udddf\ud835\uddd8\ud835\udde3-1-480x320.jpg 480w, https:\/\/turismo.campeche.gob.mx\/wp-content\/uploads\/Vinculacion-\ud835\uddf1\ud835\uddf2\ud835\uddf9-\ud835\uddd6\ud835\udde2\ud835\udde1\ud835\uddd4\ud835\udddf\ud835\uddd8\ud835\udde3-1.jpg 1280w\" sizes=\"(max-width: 1024px) 100vw, 1024px\" \/><\/figure>\n","protected":false},"excerpt":{"rendered":"<p>La secretaria de Turismo, Lic. Adda Sol\u00eds Peniche, rindi\u00f3 protesta como integrante del Comit\u00e9 de Vinculaci\u00f3n Estatal del CONALEP Campeche, organismo destinado a fortalecer la colaboraci\u00f3n entre los sectores educativo, empresarial y gubernamental para impulsar la formaci\u00f3n integral de las y los j\u00f3venes del estado. Este espacio permite consolidar alianzas estrat\u00e9gicas que favorecen el desarrollo [&hellip;]<\/p>\n","protected":false},"author":4,"featured_media":2506,"comment_status":"open","ping_status":"open","sticky":false,"template":"","format":"standard","meta":{"_acf_changed":false,"_et_pb_use_builder":"off","_et_pb_old_content":"","_et_gb_content_width":"","inline_featured_image":false,"footnotes":""},"categories":[37],"tags":[],"acf":[],"_links":{"self":[{"href":"https:\/\/turismo.campeche.gob.mx\/index.php?rest_route=\/wp\/v2\/posts\/2519"}],"collection":[{"href":"https:\/\/turismo.campeche.gob.mx\/index.php?rest_route=\/wp\/v2\/posts"}],"about":[{"href":"https:\/\/turismo.campeche.gob.mx\/index.php?rest_route=\/wp\/v2\/types\/post"}],"author":[{"embeddable":true,"href":"https:\/\/turismo.campeche.gob.mx\/index.php?rest_route=\/wp\/v2\/users\/4"}],"replies":[{"embeddable":true,"href":"https:\/\/turismo.campeche.gob.mx\/index.php?rest_route=%2Fwp%2Fv2%2Fcomments&post=2519"}],"version-history":[{"count":1,"href":"https:\/\/turismo.campeche.gob.mx\/index.php?rest_route=\/wp\/v2\/posts\/2519\/revisions"}],"predecessor-version":[{"id":2521,"href":"https:\/\/turismo.campeche.gob.mx\/index.php?rest_route=\/wp\/v2\/posts\/2519\/revisions\/2521"}],"wp:featuredmedia":[{"embeddable":true,"href":"https:\/\/turismo.campeche.gob.mx\/index.php?rest_route=\/wp\/v2\/media\/2506"}],"wp:attachment":[{"href":"https:\/\/turismo.campeche.gob.mx\/index.php?rest_route=%2Fwp%2Fv2%2Fmedia&parent=2519"}],"wp:term":[{"taxonomy":"category","embeddable":true,"href":"https:\/\/turismo.campeche.gob.mx\/index.php?rest_route=%2Fwp%2Fv2%2Fcategories&post=2519"},{"taxonomy":"post_tag","embeddable":true,"href":"https:\/\/turismo.campeche.gob.mx\/index.php?rest_route=%2Fwp%2Fv2%2Ftags&post=2519"}],"curies":[{"name":"wp","href":"https:\/\/api.w.org\/{rel}","templated":true}]}}