{"id":2432,"date":"2025-10-24T14:49:45","date_gmt":"2025-10-24T20:49:45","guid":{"rendered":"https:\/\/turismo.campeche.gob.mx\/?p=2432"},"modified":"2025-10-27T14:51:02","modified_gmt":"2025-10-27T20:51:02","slug":"campeche-promueve-el-ecoturismo-y-la-conciencia-ambiental-desde-la-infancia","status":"publish","type":"post","link":"https:\/\/turismo.campeche.gob.mx\/?p=2432","title":{"rendered":"CAMPECHE PROMUEVE EL ECOTURISMO Y LA CONCIENCIA AMBIENTAL DESDE LA INFANCIA"},"content":{"rendered":"\n<p>En representaci\u00f3n de la <strong>Secretar\u00eda de Turismo del Estado de Campeche<\/strong>, el <strong>Mtro. Emilio Fernando V\u00e1zquez Pin<\/strong> asisti\u00f3 a la presentaci\u00f3n del libro infantil <strong><em>Ekolokid<\/em><\/strong>, de la autora <strong>Laetitia Lefaure<\/strong>, una obra que busca inspirar a ni\u00f1as y ni\u00f1os a cuidar el medio ambiente mediante actividades <strong>ecotur\u00edsticas<\/strong>.<\/p>\n\n\n\n<p>El libro propone un recorrido por diversos estados de la Rep\u00fablica Mexicana, entre ellos, Campeche, destacando la riqueza natural y cultural del pa\u00eds, al tiempo que fomenta valores de respeto y conservaci\u00f3n de los ecosistemas.<\/p>\n\n\n\n<p>A trav\u00e9s de esta iniciativa, se impulsa la educaci\u00f3n ambiental desde temprana edad, fortaleciendo la conexi\u00f3n entre la ni\u00f1ez y la naturaleza, y promoviendo pr\u00e1cticas responsables que contribuyen al turismo sustentable.<\/p>\n\n\n\n<p>La participaci\u00f3n de la Secretar\u00eda de Turismo refuerza el compromiso del Gobierno del Estado con la promoci\u00f3n de un <strong>turismo consciente, educativo y sostenible<\/strong>, que invite a descubrir las maravillas naturales de Campeche sin perder de vista la importancia de su preservaci\u00f3n.<\/p>\n\n\n\n<figure class=\"wp-block-image size-full\"><img loading=\"lazy\" decoding=\"async\" width=\"960\" height=\"721\" src=\"https:\/\/turismo.campeche.gob.mx\/wp-content\/uploads\/\ud835\uddd8\ud835\uddf8\ud835\uddfc\ud835\uddf9\ud835\uddfc\ud835\uddf8\ud835\uddf6\ud835\uddf1-1.jpg\" alt=\"\" class=\"wp-image-2433\" srcset=\"https:\/\/turismo.campeche.gob.mx\/wp-content\/uploads\/\ud835\uddd8\ud835\uddf8\ud835\uddfc\ud835\uddf9\ud835\uddfc\ud835\uddf8\ud835\uddf6\ud835\uddf1-1.jpg 960w, https:\/\/turismo.campeche.gob.mx\/wp-content\/uploads\/\ud835\uddd8\ud835\uddf8\ud835\uddfc\ud835\uddf9\ud835\uddfc\ud835\uddf8\ud835\uddf6\ud835\uddf1-1-300x225.jpg 300w, https:\/\/turismo.campeche.gob.mx\/wp-content\/uploads\/\ud835\uddd8\ud835\uddf8\ud835\uddfc\ud835\uddf9\ud835\uddfc\ud835\uddf8\ud835\uddf6\ud835\uddf1-1-768x577.jpg 768w, https:\/\/turismo.campeche.gob.mx\/wp-content\/uploads\/\ud835\uddd8\ud835\uddf8\ud835\uddfc\ud835\uddf9\ud835\uddfc\ud835\uddf8\ud835\uddf6\ud835\uddf1-1-510x382.jpg 510w, https:\/\/turismo.campeche.gob.mx\/wp-content\/uploads\/\ud835\uddd8\ud835\uddf8\ud835\uddfc\ud835\uddf9\ud835\uddfc\ud835\uddf8\ud835\uddf6\ud835\uddf1-1-480x361.jpg 480w\" sizes=\"(max-width: 960px) 100vw, 960px\" \/><\/figure>\n","protected":false},"excerpt":{"rendered":"<p>En representaci\u00f3n de la Secretar\u00eda de Turismo del Estado de Campeche, el Mtro. Emilio Fernando V\u00e1zquez Pin asisti\u00f3 a la presentaci\u00f3n del libro infantil Ekolokid, de la autora Laetitia Lefaure, una obra que busca inspirar a ni\u00f1as y ni\u00f1os a cuidar el medio ambiente mediante actividades ecotur\u00edsticas. El libro propone un recorrido por diversos estados [&hellip;]<\/p>\n","protected":false},"author":4,"featured_media":2426,"comment_status":"open","ping_status":"open","sticky":false,"template":"","format":"standard","meta":{"_acf_changed":false,"_et_pb_use_builder":"off","_et_pb_old_content":"","_et_gb_content_width":"","inline_featured_image":false,"footnotes":""},"categories":[37],"tags":[],"acf":[],"_links":{"self":[{"href":"https:\/\/turismo.campeche.gob.mx\/index.php?rest_route=\/wp\/v2\/posts\/2432"}],"collection":[{"href":"https:\/\/turismo.campeche.gob.mx\/index.php?rest_route=\/wp\/v2\/posts"}],"about":[{"href":"https:\/\/turismo.campeche.gob.mx\/index.php?rest_route=\/wp\/v2\/types\/post"}],"author":[{"embeddable":true,"href":"https:\/\/turismo.campeche.gob.mx\/index.php?rest_route=\/wp\/v2\/users\/4"}],"replies":[{"embeddable":true,"href":"https:\/\/turismo.campeche.gob.mx\/index.php?rest_route=%2Fwp%2Fv2%2Fcomments&post=2432"}],"version-history":[{"count":1,"href":"https:\/\/turismo.campeche.gob.mx\/index.php?rest_route=\/wp\/v2\/posts\/2432\/revisions"}],"predecessor-version":[{"id":2434,"href":"https:\/\/turismo.campeche.gob.mx\/index.php?rest_route=\/wp\/v2\/posts\/2432\/revisions\/2434"}],"wp:featuredmedia":[{"embeddable":true,"href":"https:\/\/turismo.campeche.gob.mx\/index.php?rest_route=\/wp\/v2\/media\/2426"}],"wp:attachment":[{"href":"https:\/\/turismo.campeche.gob.mx\/index.php?rest_route=%2Fwp%2Fv2%2Fmedia&parent=2432"}],"wp:term":[{"taxonomy":"category","embeddable":true,"href":"https:\/\/turismo.campeche.gob.mx\/index.php?rest_route=%2Fwp%2Fv2%2Fcategories&post=2432"},{"taxonomy":"post_tag","embeddable":true,"href":"https:\/\/turismo.campeche.gob.mx\/index.php?rest_route=%2Fwp%2Fv2%2Ftags&post=2432"}],"curies":[{"name":"wp","href":"https:\/\/api.w.org\/{rel}","templated":true}]}}