{"id":2421,"date":"2025-10-21T14:46:16","date_gmt":"2025-10-21T20:46:16","guid":{"rendered":"https:\/\/turismo.campeche.gob.mx\/?p=2421"},"modified":"2025-10-27T14:48:29","modified_gmt":"2025-10-27T20:48:29","slug":"campeche-comparte-su-esencia-y-tradiciones-en-la-cdmx","status":"publish","type":"post","link":"https:\/\/turismo.campeche.gob.mx\/?p=2421","title":{"rendered":"CAMPECHE COMPARTE SU ESENCIA Y TRADICIONES EN LA CDMX"},"content":{"rendered":"\n<p>Con el prop\u00f3sito de fortalecer la promoci\u00f3n tur\u00edstica y cultural de Campeche, la Secretar\u00eda de Turismo del Estado, encabezada por la titular <strong>Adda Sol\u00eds Peniche<\/strong>, realiz\u00f3 una exitosa rueda de prensa en la Ciudad de M\u00e9xico. El evento cont\u00f3 con la presencia de representantes del sector empresarial y medios de comunicaci\u00f3n nacionales, quienes se unieron para destacar las bellezas y tradiciones que hacen \u00fanico a este destino del sureste mexicano.<\/p>\n\n\n\n<p>Durante la rueda de prensa, se presentaron eventos de gran relevancia para el estado, como el <strong>\u201cHanal Pixan\u201d<\/strong>, la <strong>\u201cFiesta del D\u00eda de Muertos Pomuch\u201d<\/strong>, el <strong>\u201cConcurso de Catrinas\u201d<\/strong> y el evento <strong>\u201cBailando con los Famosos\u201d<\/strong>, los cuales representan una verdadera manifestaci\u00f3n cultural de la regi\u00f3n y son parte integral de las tradiciones vivas que se celebran en la entidad.<\/p>\n\n\n\n<p><strong>Adda Sol\u00eds Peniche<\/strong> expres\u00f3 que \u00abCampeche es un lugar lleno de historia, cultura y festividades que nos permiten conectar con nuestras ra\u00edces, y el turismo es una pieza clave para seguir impulsando el desarrollo econ\u00f3mico de nuestra regi\u00f3n. Estamos convencidos de que juntos, con el apoyo de todos, lograremos que Campeche brille con orgullo en cada rinc\u00f3n del mundo.\u00bb<\/p>\n\n\n\n<p>Estos eventos, de gran impacto tur\u00edstico, buscan posicionar a Campeche como un destino \u00fanico para los viajeros que desean vivir experiencias aut\u00e9nticas, donde la cultura, la gastronom\u00eda y las tradiciones son los principales atractivos.<em>Porque el turismo somos todos, y juntos hacemos que Campeche brille con orgullo<\/em>.<\/p>\n\n\n\n<figure class=\"wp-block-image size-large\"><img loading=\"lazy\" decoding=\"async\" width=\"1024\" height=\"768\" src=\"https:\/\/turismo.campeche.gob.mx\/wp-content\/uploads\/CDMX-janal-pixan-2-1024x768.jpg\" alt=\"\" class=\"wp-image-2422\" srcset=\"https:\/\/turismo.campeche.gob.mx\/wp-content\/uploads\/CDMX-janal-pixan-2-980x735.jpg 980w, https:\/\/turismo.campeche.gob.mx\/wp-content\/uploads\/CDMX-janal-pixan-2-480x360.jpg 480w\" sizes=\"(min-width: 0px) and (max-width: 480px) 480px, (min-width: 481px) and (max-width: 980px) 980px, (min-width: 981px) 1024px, 100vw\" \/><\/figure>\n","protected":false},"excerpt":{"rendered":"<p>Con el prop\u00f3sito de fortalecer la promoci\u00f3n tur\u00edstica y cultural de Campeche, la Secretar\u00eda de Turismo del Estado, encabezada por la titular Adda Sol\u00eds Peniche, realiz\u00f3 una exitosa rueda de prensa en la Ciudad de M\u00e9xico. El evento cont\u00f3 con la presencia de representantes del sector empresarial y medios de comunicaci\u00f3n nacionales, quienes se unieron [&hellip;]<\/p>\n","protected":false},"author":4,"featured_media":2423,"comment_status":"open","ping_status":"open","sticky":false,"template":"","format":"standard","meta":{"_acf_changed":false,"_et_pb_use_builder":"off","_et_pb_old_content":"","_et_gb_content_width":"","inline_featured_image":false,"footnotes":""},"categories":[37],"tags":[],"acf":[],"_links":{"self":[{"href":"https:\/\/turismo.campeche.gob.mx\/index.php?rest_route=\/wp\/v2\/posts\/2421"}],"collection":[{"href":"https:\/\/turismo.campeche.gob.mx\/index.php?rest_route=\/wp\/v2\/posts"}],"about":[{"href":"https:\/\/turismo.campeche.gob.mx\/index.php?rest_route=\/wp\/v2\/types\/post"}],"author":[{"embeddable":true,"href":"https:\/\/turismo.campeche.gob.mx\/index.php?rest_route=\/wp\/v2\/users\/4"}],"replies":[{"embeddable":true,"href":"https:\/\/turismo.campeche.gob.mx\/index.php?rest_route=%2Fwp%2Fv2%2Fcomments&post=2421"}],"version-history":[{"count":1,"href":"https:\/\/turismo.campeche.gob.mx\/index.php?rest_route=\/wp\/v2\/posts\/2421\/revisions"}],"predecessor-version":[{"id":2428,"href":"https:\/\/turismo.campeche.gob.mx\/index.php?rest_route=\/wp\/v2\/posts\/2421\/revisions\/2428"}],"wp:featuredmedia":[{"embeddable":true,"href":"https:\/\/turismo.campeche.gob.mx\/index.php?rest_route=\/wp\/v2\/media\/2423"}],"wp:attachment":[{"href":"https:\/\/turismo.campeche.gob.mx\/index.php?rest_route=%2Fwp%2Fv2%2Fmedia&parent=2421"}],"wp:term":[{"taxonomy":"category","embeddable":true,"href":"https:\/\/turismo.campeche.gob.mx\/index.php?rest_route=%2Fwp%2Fv2%2Fcategories&post=2421"},{"taxonomy":"post_tag","embeddable":true,"href":"https:\/\/turismo.campeche.gob.mx\/index.php?rest_route=%2Fwp%2Fv2%2Ftags&post=2421"}],"curies":[{"name":"wp","href":"https:\/\/api.w.org\/{rel}","templated":true}]}}