{"id":2413,"date":"2025-10-16T13:49:18","date_gmt":"2025-10-16T19:49:18","guid":{"rendered":"https:\/\/turismo.campeche.gob.mx\/?p=2413"},"modified":"2025-10-20T13:50:09","modified_gmt":"2025-10-20T19:50:09","slug":"impulsando-el-turismo-comunitario-para-un-desarrollo-con-sentido-social","status":"publish","type":"post","link":"https:\/\/turismo.campeche.gob.mx\/?p=2413","title":{"rendered":"Impulsando el turismo comunitario para un desarrollo con sentido social."},"content":{"rendered":"\n<p>Con el prop\u00f3sito de <strong>fortalecer el turismo comunitario<\/strong> como un <strong>segmento prioritario<\/strong> que genera <strong>prosperidad compartida<\/strong> y coloca a las comunidades en el centro de la <strong>planificaci\u00f3n y gesti\u00f3n tur\u00edstica<\/strong>, se llev\u00f3 a cabo el <strong>Primer Foro Tur\u00edstico en Tulum<\/strong>.<\/p>\n\n\n\n<p>La <strong>Mtra. Adda Sol\u00eds Peniche<\/strong>, titular de la <strong>Secretar\u00eda de Turismo del Estado de Campeche<\/strong>, particip\u00f3 en este importante encuentro que reuni\u00f3 a <strong>especialistas del \u00e1mbito acad\u00e9mico, ambiental, empresarial y gubernamental<\/strong>, quienes compartieron experiencias y propuestas orientadas a promover un <strong>modelo de desarrollo tur\u00edstico sostenible<\/strong>.<\/p>\n\n\n\n<p>Durante el foro, se destac\u00f3 la importancia de <strong>impulsar pol\u00edticas y acciones que fortalezcan las capacidades locales<\/strong>, fomenten la participaci\u00f3n comunitaria y promuevan un turismo que conserve los recursos naturales, valore la identidad cultural y mejore la calidad de vida de las y los habitantes.<\/p>\n\n\n\n<p>Con su participaci\u00f3n, la Secretar\u00eda de Turismo refrenda su compromiso con un <strong>turismo responsable, con sentido social y humano<\/strong>, que contribuya al bienestar de las comunidades y al crecimiento equilibrado de Campeche.<\/p>\n\n\n\n<figure class=\"wp-block-image size-large\"><img loading=\"lazy\" decoding=\"async\" width=\"1024\" height=\"768\" src=\"https:\/\/turismo.campeche.gob.mx\/wp-content\/uploads\/\ud835\udde3\ud835\uddff\ud835\uddf6\ud835\uddfa\ud835\uddf2\ud835\uddff-\ud835\uddd9\ud835\uddfc\ud835\uddff\ud835\uddfc-\ud835\udde7\ud835\ude02\ud835\uddff\ud835\udeca\ud835\ude00\ud835\ude01\ud835\uddf6\ud835\uddf0\ud835\uddfc-en-Tulum-1024x768.jpg\" alt=\"\" class=\"wp-image-2391\" srcset=\"https:\/\/turismo.campeche.gob.mx\/wp-content\/uploads\/\ud835\udde3\ud835\uddff\ud835\uddf6\ud835\uddfa\ud835\uddf2\ud835\uddff-\ud835\uddd9\ud835\uddfc\ud835\uddff\ud835\uddfc-\ud835\udde7\ud835\ude02\ud835\uddff\ud835\udeca\ud835\ude00\ud835\ude01\ud835\uddf6\ud835\uddf0\ud835\uddfc-en-Tulum-1024x768.jpg 1024w, https:\/\/turismo.campeche.gob.mx\/wp-content\/uploads\/\ud835\udde3\ud835\uddff\ud835\uddf6\ud835\uddfa\ud835\uddf2\ud835\uddff-\ud835\uddd9\ud835\uddfc\ud835\uddff\ud835\uddfc-\ud835\udde7\ud835\ude02\ud835\uddff\ud835\udeca\ud835\ude00\ud835\ude01\ud835\uddf6\ud835\uddf0\ud835\uddfc-en-Tulum-300x225.jpg 300w, https:\/\/turismo.campeche.gob.mx\/wp-content\/uploads\/\ud835\udde3\ud835\uddff\ud835\uddf6\ud835\uddfa\ud835\uddf2\ud835\uddff-\ud835\uddd9\ud835\uddfc\ud835\uddff\ud835\uddfc-\ud835\udde7\ud835\ude02\ud835\uddff\ud835\udeca\ud835\ude00\ud835\ude01\ud835\uddf6\ud835\uddf0\ud835\uddfc-en-Tulum-768x576.jpg 768w, https:\/\/turismo.campeche.gob.mx\/wp-content\/uploads\/\ud835\udde3\ud835\uddff\ud835\uddf6\ud835\uddfa\ud835\uddf2\ud835\uddff-\ud835\uddd9\ud835\uddfc\ud835\uddff\ud835\uddfc-\ud835\udde7\ud835\ude02\ud835\uddff\ud835\udeca\ud835\ude00\ud835\ude01\ud835\uddf6\ud835\uddf0\ud835\uddfc-en-Tulum-510x382.jpg 510w, https:\/\/turismo.campeche.gob.mx\/wp-content\/uploads\/\ud835\udde3\ud835\uddff\ud835\uddf6\ud835\uddfa\ud835\uddf2\ud835\uddff-\ud835\uddd9\ud835\uddfc\ud835\uddff\ud835\uddfc-\ud835\udde7\ud835\ude02\ud835\uddff\ud835\udeca\ud835\ude00\ud835\ude01\ud835\uddf6\ud835\uddf0\ud835\uddfc-en-Tulum-1080x810.jpg 1080w, https:\/\/turismo.campeche.gob.mx\/wp-content\/uploads\/\ud835\udde3\ud835\uddff\ud835\uddf6\ud835\uddfa\ud835\uddf2\ud835\uddff-\ud835\uddd9\ud835\uddfc\ud835\uddff\ud835\uddfc-\ud835\udde7\ud835\ude02\ud835\uddff\ud835\udeca\ud835\ude00\ud835\ude01\ud835\uddf6\ud835\uddf0\ud835\uddfc-en-Tulum-980x735.jpg 980w, https:\/\/turismo.campeche.gob.mx\/wp-content\/uploads\/\ud835\udde3\ud835\uddff\ud835\uddf6\ud835\uddfa\ud835\uddf2\ud835\uddff-\ud835\uddd9\ud835\uddfc\ud835\uddff\ud835\uddfc-\ud835\udde7\ud835\ude02\ud835\uddff\ud835\udeca\ud835\ude00\ud835\ude01\ud835\uddf6\ud835\uddf0\ud835\uddfc-en-Tulum-480x360.jpg 480w, https:\/\/turismo.campeche.gob.mx\/wp-content\/uploads\/\ud835\udde3\ud835\uddff\ud835\uddf6\ud835\uddfa\ud835\uddf2\ud835\uddff-\ud835\uddd9\ud835\uddfc\ud835\uddff\ud835\uddfc-\ud835\udde7\ud835\ude02\ud835\uddff\ud835\udeca\ud835\ude00\ud835\ude01\ud835\uddf6\ud835\uddf0\ud835\uddfc-en-Tulum.jpg 1280w\" sizes=\"(max-width: 1024px) 100vw, 1024px\" \/><\/figure>\n","protected":false},"excerpt":{"rendered":"<p>Con el prop\u00f3sito de fortalecer el turismo comunitario como un segmento prioritario que genera prosperidad compartida y coloca a las comunidades en el centro de la planificaci\u00f3n y gesti\u00f3n tur\u00edstica, se llev\u00f3 a cabo el Primer Foro Tur\u00edstico en Tulum. La Mtra. Adda Sol\u00eds Peniche, titular de la Secretar\u00eda de Turismo del Estado de Campeche, [&hellip;]<\/p>\n","protected":false},"author":4,"featured_media":2390,"comment_status":"open","ping_status":"open","sticky":false,"template":"","format":"standard","meta":{"_acf_changed":false,"_et_pb_use_builder":"off","_et_pb_old_content":"","_et_gb_content_width":"","inline_featured_image":false,"footnotes":""},"categories":[37],"tags":[],"acf":[],"_links":{"self":[{"href":"https:\/\/turismo.campeche.gob.mx\/index.php?rest_route=\/wp\/v2\/posts\/2413"}],"collection":[{"href":"https:\/\/turismo.campeche.gob.mx\/index.php?rest_route=\/wp\/v2\/posts"}],"about":[{"href":"https:\/\/turismo.campeche.gob.mx\/index.php?rest_route=\/wp\/v2\/types\/post"}],"author":[{"embeddable":true,"href":"https:\/\/turismo.campeche.gob.mx\/index.php?rest_route=\/wp\/v2\/users\/4"}],"replies":[{"embeddable":true,"href":"https:\/\/turismo.campeche.gob.mx\/index.php?rest_route=%2Fwp%2Fv2%2Fcomments&post=2413"}],"version-history":[{"count":1,"href":"https:\/\/turismo.campeche.gob.mx\/index.php?rest_route=\/wp\/v2\/posts\/2413\/revisions"}],"predecessor-version":[{"id":2414,"href":"https:\/\/turismo.campeche.gob.mx\/index.php?rest_route=\/wp\/v2\/posts\/2413\/revisions\/2414"}],"wp:featuredmedia":[{"embeddable":true,"href":"https:\/\/turismo.campeche.gob.mx\/index.php?rest_route=\/wp\/v2\/media\/2390"}],"wp:attachment":[{"href":"https:\/\/turismo.campeche.gob.mx\/index.php?rest_route=%2Fwp%2Fv2%2Fmedia&parent=2413"}],"wp:term":[{"taxonomy":"category","embeddable":true,"href":"https:\/\/turismo.campeche.gob.mx\/index.php?rest_route=%2Fwp%2Fv2%2Fcategories&post=2413"},{"taxonomy":"post_tag","embeddable":true,"href":"https:\/\/turismo.campeche.gob.mx\/index.php?rest_route=%2Fwp%2Fv2%2Ftags&post=2413"}],"curies":[{"name":"wp","href":"https:\/\/api.w.org\/{rel}","templated":true}]}}