{"id":2405,"date":"2025-10-15T13:39:17","date_gmt":"2025-10-15T19:39:17","guid":{"rendered":"https:\/\/turismo.campeche.gob.mx\/?p=2405"},"modified":"2025-10-20T13:40:58","modified_gmt":"2025-10-20T19:40:58","slug":"campeche-promueve-sus-tradiciones-con-el-festival-de-dia-de-muertos-2025","status":"publish","type":"post","link":"https:\/\/turismo.campeche.gob.mx\/?p=2405","title":{"rendered":"Campeche promueve sus tradiciones con el Festival de D\u00eda de Muertos 2025."},"content":{"rendered":"\n<p>Con el prop\u00f3sito de <strong>fortalecer la promoci\u00f3n tur\u00edstica<\/strong> y compartir con el mundo la <strong>riqueza de nuestras tradiciones<\/strong>, la <strong>Secretar\u00eda de Turismo del Estado de Campeche<\/strong> present\u00f3 en <strong>M\u00e9rida, Yucat\u00e1n<\/strong>, el <strong>Festival de D\u00eda de Muertos Campeche 2025<\/strong>, una celebraci\u00f3n que refleja la <strong>esencia, cultura e historia<\/strong> de nuestro estado.<\/p>\n\n\n\n<p>La presentaci\u00f3n fue encabezada por la <strong>Mtra. Adda Sol\u00eds Peniche<\/strong>, titular de la Secretar\u00eda de Turismo, quien estuvo acompa\u00f1ada por <strong>representantes del sector empresarial<\/strong> y cont\u00f3 con el <strong>respaldo de la Secretar\u00eda de Fomento Tur\u00edstico de Yucat\u00e1n (SEFOTUR)<\/strong>, reafirmando as\u00ed el trabajo conjunto entre estados para fortalecer la regi\u00f3n como un <strong>destino tur\u00edstico culturalmente vibrante y lleno de hospitalidad<\/strong>.<\/p>\n\n\n\n<p>Durante la rueda de prensa, se destac\u00f3 que el <strong>Festival de D\u00eda de Muertos Campeche 2025<\/strong> busca <strong>preservar y difundir las tradiciones que nos identifican como pueblo<\/strong>, al tiempo que promueve la participaci\u00f3n de artistas, emprendedores y comunidades locales, generando un impacto positivo en la econom\u00eda y en la proyecci\u00f3n del estado a nivel nacional e internacional.<\/p>\n\n\n\n<p>Con esta iniciativa, Campeche <strong>reafirma su compromiso con el turismo cultural<\/strong>, impulsando eventos que celebran la vida, la memoria y la identidad de nuestra gente.<\/p>\n\n\n\n<figure class=\"wp-block-image size-large\"><img loading=\"lazy\" decoding=\"async\" width=\"1024\" height=\"768\" src=\"https:\/\/turismo.campeche.gob.mx\/wp-content\/uploads\/\ud835\uddd9\ud835\uddf2\ud835\ude00\ud835\ude01\ud835\uddf6\ud835\ude03\ud835\uddee\ud835\uddf9-\ud835\uddf1\ud835\uddf2-\ud835\uddd7i\ud835\uddee-\ud835\uddf1\ud835\uddf2-\ud835\udde0\ud835\ude02\ud835\uddf2\ud835\uddff\ud835\ude01\ud835\uddfc\ud835\ude00-\ud835\udfee\ud835\udfec\ud835\udfee\ud835\udff1.-2-1-1024x768.jpg\" alt=\"\" class=\"wp-image-2406\" srcset=\"https:\/\/turismo.campeche.gob.mx\/wp-content\/uploads\/\ud835\uddd9\ud835\uddf2\ud835\ude00\ud835\ude01\ud835\uddf6\ud835\ude03\ud835\uddee\ud835\uddf9-\ud835\uddf1\ud835\uddf2-\ud835\uddd7i\ud835\uddee-\ud835\uddf1\ud835\uddf2-\ud835\udde0\ud835\ude02\ud835\uddf2\ud835\uddff\ud835\ude01\ud835\uddfc\ud835\ude00-\ud835\udfee\ud835\udfec\ud835\udfee\ud835\udff1.-2-1-1024x768.jpg 1024w, https:\/\/turismo.campeche.gob.mx\/wp-content\/uploads\/\ud835\uddd9\ud835\uddf2\ud835\ude00\ud835\ude01\ud835\uddf6\ud835\ude03\ud835\uddee\ud835\uddf9-\ud835\uddf1\ud835\uddf2-\ud835\uddd7i\ud835\uddee-\ud835\uddf1\ud835\uddf2-\ud835\udde0\ud835\ude02\ud835\uddf2\ud835\uddff\ud835\ude01\ud835\uddfc\ud835\ude00-\ud835\udfee\ud835\udfec\ud835\udfee\ud835\udff1.-2-1-300x225.jpg 300w, https:\/\/turismo.campeche.gob.mx\/wp-content\/uploads\/\ud835\uddd9\ud835\uddf2\ud835\ude00\ud835\ude01\ud835\uddf6\ud835\ude03\ud835\uddee\ud835\uddf9-\ud835\uddf1\ud835\uddf2-\ud835\uddd7i\ud835\uddee-\ud835\uddf1\ud835\uddf2-\ud835\udde0\ud835\ude02\ud835\uddf2\ud835\uddff\ud835\ude01\ud835\uddfc\ud835\ude00-\ud835\udfee\ud835\udfec\ud835\udfee\ud835\udff1.-2-1-768x576.jpg 768w, https:\/\/turismo.campeche.gob.mx\/wp-content\/uploads\/\ud835\uddd9\ud835\uddf2\ud835\ude00\ud835\ude01\ud835\uddf6\ud835\ude03\ud835\uddee\ud835\uddf9-\ud835\uddf1\ud835\uddf2-\ud835\uddd7i\ud835\uddee-\ud835\uddf1\ud835\uddf2-\ud835\udde0\ud835\ude02\ud835\uddf2\ud835\uddff\ud835\ude01\ud835\uddfc\ud835\ude00-\ud835\udfee\ud835\udfec\ud835\udfee\ud835\udff1.-2-1-510x382.jpg 510w, https:\/\/turismo.campeche.gob.mx\/wp-content\/uploads\/\ud835\uddd9\ud835\uddf2\ud835\ude00\ud835\ude01\ud835\uddf6\ud835\ude03\ud835\uddee\ud835\uddf9-\ud835\uddf1\ud835\uddf2-\ud835\uddd7i\ud835\uddee-\ud835\uddf1\ud835\uddf2-\ud835\udde0\ud835\ude02\ud835\uddf2\ud835\uddff\ud835\ude01\ud835\uddfc\ud835\ude00-\ud835\udfee\ud835\udfec\ud835\udfee\ud835\udff1.-2-1-1080x810.jpg 1080w, https:\/\/turismo.campeche.gob.mx\/wp-content\/uploads\/\ud835\uddd9\ud835\uddf2\ud835\ude00\ud835\ude01\ud835\uddf6\ud835\ude03\ud835\uddee\ud835\uddf9-\ud835\uddf1\ud835\uddf2-\ud835\uddd7i\ud835\uddee-\ud835\uddf1\ud835\uddf2-\ud835\udde0\ud835\ude02\ud835\uddf2\ud835\uddff\ud835\ude01\ud835\uddfc\ud835\ude00-\ud835\udfee\ud835\udfec\ud835\udfee\ud835\udff1.-2-1-980x735.jpg 980w, https:\/\/turismo.campeche.gob.mx\/wp-content\/uploads\/\ud835\uddd9\ud835\uddf2\ud835\ude00\ud835\ude01\ud835\uddf6\ud835\ude03\ud835\uddee\ud835\uddf9-\ud835\uddf1\ud835\uddf2-\ud835\uddd7i\ud835\uddee-\ud835\uddf1\ud835\uddf2-\ud835\udde0\ud835\ude02\ud835\uddf2\ud835\uddff\ud835\ude01\ud835\uddfc\ud835\ude00-\ud835\udfee\ud835\udfec\ud835\udfee\ud835\udff1.-2-1-480x360.jpg 480w, https:\/\/turismo.campeche.gob.mx\/wp-content\/uploads\/\ud835\uddd9\ud835\uddf2\ud835\ude00\ud835\ude01\ud835\uddf6\ud835\ude03\ud835\uddee\ud835\uddf9-\ud835\uddf1\ud835\uddf2-\ud835\uddd7i\ud835\uddee-\ud835\uddf1\ud835\uddf2-\ud835\udde0\ud835\ude02\ud835\uddf2\ud835\uddff\ud835\ude01\ud835\uddfc\ud835\ude00-\ud835\udfee\ud835\udfec\ud835\udfee\ud835\udff1.-2-1.jpg 1280w\" sizes=\"(max-width: 1024px) 100vw, 1024px\" \/><\/figure>\n","protected":false},"excerpt":{"rendered":"<p>Con el prop\u00f3sito de fortalecer la promoci\u00f3n tur\u00edstica y compartir con el mundo la riqueza de nuestras tradiciones, la Secretar\u00eda de Turismo del Estado de Campeche present\u00f3 en M\u00e9rida, Yucat\u00e1n, el Festival de D\u00eda de Muertos Campeche 2025, una celebraci\u00f3n que refleja la esencia, cultura e historia de nuestro estado. La presentaci\u00f3n fue encabezada por [&hellip;]<\/p>\n","protected":false},"author":4,"featured_media":2387,"comment_status":"open","ping_status":"open","sticky":false,"template":"","format":"standard","meta":{"_acf_changed":false,"_et_pb_use_builder":"off","_et_pb_old_content":"","_et_gb_content_width":"","inline_featured_image":false,"footnotes":""},"categories":[37],"tags":[],"acf":[],"_links":{"self":[{"href":"https:\/\/turismo.campeche.gob.mx\/index.php?rest_route=\/wp\/v2\/posts\/2405"}],"collection":[{"href":"https:\/\/turismo.campeche.gob.mx\/index.php?rest_route=\/wp\/v2\/posts"}],"about":[{"href":"https:\/\/turismo.campeche.gob.mx\/index.php?rest_route=\/wp\/v2\/types\/post"}],"author":[{"embeddable":true,"href":"https:\/\/turismo.campeche.gob.mx\/index.php?rest_route=\/wp\/v2\/users\/4"}],"replies":[{"embeddable":true,"href":"https:\/\/turismo.campeche.gob.mx\/index.php?rest_route=%2Fwp%2Fv2%2Fcomments&post=2405"}],"version-history":[{"count":1,"href":"https:\/\/turismo.campeche.gob.mx\/index.php?rest_route=\/wp\/v2\/posts\/2405\/revisions"}],"predecessor-version":[{"id":2407,"href":"https:\/\/turismo.campeche.gob.mx\/index.php?rest_route=\/wp\/v2\/posts\/2405\/revisions\/2407"}],"wp:featuredmedia":[{"embeddable":true,"href":"https:\/\/turismo.campeche.gob.mx\/index.php?rest_route=\/wp\/v2\/media\/2387"}],"wp:attachment":[{"href":"https:\/\/turismo.campeche.gob.mx\/index.php?rest_route=%2Fwp%2Fv2%2Fmedia&parent=2405"}],"wp:term":[{"taxonomy":"category","embeddable":true,"href":"https:\/\/turismo.campeche.gob.mx\/index.php?rest_route=%2Fwp%2Fv2%2Fcategories&post=2405"},{"taxonomy":"post_tag","embeddable":true,"href":"https:\/\/turismo.campeche.gob.mx\/index.php?rest_route=%2Fwp%2Fv2%2Ftags&post=2405"}],"curies":[{"name":"wp","href":"https:\/\/api.w.org\/{rel}","templated":true}]}}