{"id":2378,"date":"2025-10-13T13:22:29","date_gmt":"2025-10-13T19:22:29","guid":{"rendered":"https:\/\/turismo.campeche.gob.mx\/?p=2378"},"modified":"2025-10-20T13:30:05","modified_gmt":"2025-10-20T19:30:05","slug":"suman-esfuerzos-por-un-turismo-sostenible-y-comunitario-en-campeche","status":"publish","type":"post","link":"https:\/\/turismo.campeche.gob.mx\/?p=2378","title":{"rendered":"Suman esfuerzos por un turismo sostenible y comunitario en Campeche."},"content":{"rendered":"\n<p>En representaci\u00f3n de la Mtra. Adda Sol\u00eds Peniche, secretaria de Turismo, el Lic. Emilio Fernando V\u00e1zquez Pin particip\u00f3 en una reuni\u00f3n de trabajo para dar seguimiento a la conformaci\u00f3n de proyectos de colaboraci\u00f3n entre la Secretar\u00eda de Turismo (SECTUR), PRONATURA, la Secretar\u00eda de Medio Ambiente, Biodiversidad, Cambio Clim\u00e1tico y Energ\u00eda (SEMABICCE) y la Comisi\u00f3n Nacional de \u00c1reas Naturales Protegidas (CONANP).<strong><\/strong><\/p>\n\n\n\n<p>El objetivo de esta alianza interinstitucional es impulsar el turismo comunitario en el estado de Campeche, promoviendo pr\u00e1cticas sostenibles que fortalezcan la econom\u00eda local y contribuyan a la conservaci\u00f3n del patrimonio natural y cultural.<\/p>\n\n\n\n<p>Estas acciones reflejan el compromiso del Gobierno del Estado con un modelo de desarrollo tur\u00edstico responsable, donde las comunidades son parte activa de los beneficios y la protecci\u00f3n del entorno se mantiene como prioridad.<\/p>\n\n\n\n<p>Con estas iniciativas, Campeche avanza hacia un turismo m\u00e1s inclusivo, sostenible y consciente, reafirmando su liderazgo en la preservaci\u00f3n de los recursos naturales y el impulso de experiencias aut\u00e9nticas para los visitantes.<\/p>\n\n\n\n<figure class=\"wp-block-image size-large\"><img loading=\"lazy\" decoding=\"async\" width=\"1024\" height=\"768\" src=\"https:\/\/turismo.campeche.gob.mx\/wp-content\/uploads\/turismo-sostenible-y-comunitario-en-Campeche-2-1-1024x768.jpg\" alt=\"\" class=\"wp-image-2394\" srcset=\"https:\/\/turismo.campeche.gob.mx\/wp-content\/uploads\/turismo-sostenible-y-comunitario-en-Campeche-2-1-980x735.jpg 980w, https:\/\/turismo.campeche.gob.mx\/wp-content\/uploads\/turismo-sostenible-y-comunitario-en-Campeche-2-1-480x360.jpg 480w\" sizes=\"(min-width: 0px) and (max-width: 480px) 480px, (min-width: 481px) and (max-width: 980px) 980px, (min-width: 981px) 1024px, 100vw\" \/><\/figure>\n","protected":false},"excerpt":{"rendered":"<p>En representaci\u00f3n de la Mtra. Adda Sol\u00eds Peniche, secretaria de Turismo, el Lic. Emilio Fernando V\u00e1zquez Pin particip\u00f3 en una reuni\u00f3n de trabajo para dar seguimiento a la conformaci\u00f3n de proyectos de colaboraci\u00f3n entre la Secretar\u00eda de Turismo (SECTUR), PRONATURA, la Secretar\u00eda de Medio Ambiente, Biodiversidad, Cambio Clim\u00e1tico y Energ\u00eda (SEMABICCE) y la Comisi\u00f3n Nacional [&hellip;]<\/p>\n","protected":false},"author":4,"featured_media":2383,"comment_status":"open","ping_status":"open","sticky":false,"template":"","format":"standard","meta":{"_acf_changed":false,"_et_pb_use_builder":"off","_et_pb_old_content":"","_et_gb_content_width":"","inline_featured_image":false,"footnotes":""},"categories":[37],"tags":[],"acf":[],"_links":{"self":[{"href":"https:\/\/turismo.campeche.gob.mx\/index.php?rest_route=\/wp\/v2\/posts\/2378"}],"collection":[{"href":"https:\/\/turismo.campeche.gob.mx\/index.php?rest_route=\/wp\/v2\/posts"}],"about":[{"href":"https:\/\/turismo.campeche.gob.mx\/index.php?rest_route=\/wp\/v2\/types\/post"}],"author":[{"embeddable":true,"href":"https:\/\/turismo.campeche.gob.mx\/index.php?rest_route=\/wp\/v2\/users\/4"}],"replies":[{"embeddable":true,"href":"https:\/\/turismo.campeche.gob.mx\/index.php?rest_route=%2Fwp%2Fv2%2Fcomments&post=2378"}],"version-history":[{"count":1,"href":"https:\/\/turismo.campeche.gob.mx\/index.php?rest_route=\/wp\/v2\/posts\/2378\/revisions"}],"predecessor-version":[{"id":2395,"href":"https:\/\/turismo.campeche.gob.mx\/index.php?rest_route=\/wp\/v2\/posts\/2378\/revisions\/2395"}],"wp:featuredmedia":[{"embeddable":true,"href":"https:\/\/turismo.campeche.gob.mx\/index.php?rest_route=\/wp\/v2\/media\/2383"}],"wp:attachment":[{"href":"https:\/\/turismo.campeche.gob.mx\/index.php?rest_route=%2Fwp%2Fv2%2Fmedia&parent=2378"}],"wp:term":[{"taxonomy":"category","embeddable":true,"href":"https:\/\/turismo.campeche.gob.mx\/index.php?rest_route=%2Fwp%2Fv2%2Fcategories&post=2378"},{"taxonomy":"post_tag","embeddable":true,"href":"https:\/\/turismo.campeche.gob.mx\/index.php?rest_route=%2Fwp%2Fv2%2Ftags&post=2378"}],"curies":[{"name":"wp","href":"https:\/\/api.w.org\/{rel}","templated":true}]}}