{"id":2338,"date":"2025-10-06T14:36:33","date_gmt":"2025-10-06T20:36:33","guid":{"rendered":"https:\/\/turismo.campeche.gob.mx\/?p=2338"},"modified":"2025-10-13T14:54:15","modified_gmt":"2025-10-13T20:54:15","slug":"suman-esfuerzos-por-nuestras-tradiciones-y-la-promocion-de-campeche","status":"publish","type":"post","link":"https:\/\/turismo.campeche.gob.mx\/?p=2338","title":{"rendered":"Suman esfuerzos por nuestras tradiciones y la promoci\u00f3n de Campeche"},"content":{"rendered":"\n<p>Con el objetivo de fortalecer la promoci\u00f3n del estado y coordinar acciones conjuntas para la celebraci\u00f3n del Concurso de Altares de Hanal Pix\u00e1n, la titular de la Secretar\u00eda de Turismo, <em>Adda Sol\u00eds Peniche<\/em>, sostuvo una reuni\u00f3n con el titular de Comunicaci\u00f3n Social, <em>Walter Patr\u00f3n Bacab<\/em>.<\/p>\n\n\n\n<p>Durante el encuentro, ambas dependencias reafirmaron su compromiso de trabajar de manera coordinada en la difusi\u00f3n de las tradiciones campechanas, destacando el valor cultural y tur\u00edstico que representa el Hanal Pix\u00e1n para las comunidades del estado.<\/p>\n\n\n\n<p>La Secretar\u00eda de Turismo impulsa estas acciones con el prop\u00f3sito de preservar las costumbres que nos dan identidad, fortalecer la participaci\u00f3n ciudadana y proyectar con orgullo la riqueza cultural de Campeche ante visitantes y medios nacionales.<\/p>\n\n\n\n<p>En Campeche, el trabajo en equipo es clave para promover el turismo, preservar nuestras tradiciones y compartir con el mundo lo que hace \u00fanico a nuestro estado.<\/p>\n\n\n\n<figure class=\"wp-block-image size-large\"><img loading=\"lazy\" decoding=\"async\" width=\"1024\" height=\"768\" src=\"https:\/\/turismo.campeche.gob.mx\/wp-content\/uploads\/\ud835\uddd4\ud835\uddf1\ud835\uddf1a-\ud835\udde3\ud835\uddf2\ud835\uddfb\ud835\uddf6\ud835\uddf0\ud835\uddf5\ud835\uddf2-reunion-con-el-titular-de-Comunicacion-Social-1-1024x768.jpg\" alt=\"\" class=\"wp-image-2352\" srcset=\"https:\/\/turismo.campeche.gob.mx\/wp-content\/uploads\/\ud835\uddd4\ud835\uddf1\ud835\uddf1a-\ud835\udde3\ud835\uddf2\ud835\uddfb\ud835\uddf6\ud835\uddf0\ud835\uddf5\ud835\uddf2-reunion-con-el-titular-de-Comunicacion-Social-1-1024x768.jpg 1024w, https:\/\/turismo.campeche.gob.mx\/wp-content\/uploads\/\ud835\uddd4\ud835\uddf1\ud835\uddf1a-\ud835\udde3\ud835\uddf2\ud835\uddfb\ud835\uddf6\ud835\uddf0\ud835\uddf5\ud835\uddf2-reunion-con-el-titular-de-Comunicacion-Social-1-300x225.jpg 300w, https:\/\/turismo.campeche.gob.mx\/wp-content\/uploads\/\ud835\uddd4\ud835\uddf1\ud835\uddf1a-\ud835\udde3\ud835\uddf2\ud835\uddfb\ud835\uddf6\ud835\uddf0\ud835\uddf5\ud835\uddf2-reunion-con-el-titular-de-Comunicacion-Social-1-768x576.jpg 768w, https:\/\/turismo.campeche.gob.mx\/wp-content\/uploads\/\ud835\uddd4\ud835\uddf1\ud835\uddf1a-\ud835\udde3\ud835\uddf2\ud835\uddfb\ud835\uddf6\ud835\uddf0\ud835\uddf5\ud835\uddf2-reunion-con-el-titular-de-Comunicacion-Social-1-1536x1152.jpg 1536w, https:\/\/turismo.campeche.gob.mx\/wp-content\/uploads\/\ud835\uddd4\ud835\uddf1\ud835\uddf1a-\ud835\udde3\ud835\uddf2\ud835\uddfb\ud835\uddf6\ud835\uddf0\ud835\uddf5\ud835\uddf2-reunion-con-el-titular-de-Comunicacion-Social-1-510x382.jpg 510w, https:\/\/turismo.campeche.gob.mx\/wp-content\/uploads\/\ud835\uddd4\ud835\uddf1\ud835\uddf1a-\ud835\udde3\ud835\uddf2\ud835\uddfb\ud835\uddf6\ud835\uddf0\ud835\uddf5\ud835\uddf2-reunion-con-el-titular-de-Comunicacion-Social-1-1080x810.jpg 1080w, https:\/\/turismo.campeche.gob.mx\/wp-content\/uploads\/\ud835\uddd4\ud835\uddf1\ud835\uddf1a-\ud835\udde3\ud835\uddf2\ud835\uddfb\ud835\uddf6\ud835\uddf0\ud835\uddf5\ud835\uddf2-reunion-con-el-titular-de-Comunicacion-Social-1-1280x960.jpg 1280w, https:\/\/turismo.campeche.gob.mx\/wp-content\/uploads\/\ud835\uddd4\ud835\uddf1\ud835\uddf1a-\ud835\udde3\ud835\uddf2\ud835\uddfb\ud835\uddf6\ud835\uddf0\ud835\uddf5\ud835\uddf2-reunion-con-el-titular-de-Comunicacion-Social-1-980x735.jpg 980w, https:\/\/turismo.campeche.gob.mx\/wp-content\/uploads\/\ud835\uddd4\ud835\uddf1\ud835\uddf1a-\ud835\udde3\ud835\uddf2\ud835\uddfb\ud835\uddf6\ud835\uddf0\ud835\uddf5\ud835\uddf2-reunion-con-el-titular-de-Comunicacion-Social-1-480x360.jpg 480w, https:\/\/turismo.campeche.gob.mx\/wp-content\/uploads\/\ud835\uddd4\ud835\uddf1\ud835\uddf1a-\ud835\udde3\ud835\uddf2\ud835\uddfb\ud835\uddf6\ud835\uddf0\ud835\uddf5\ud835\uddf2-reunion-con-el-titular-de-Comunicacion-Social-1.jpg 2048w\" sizes=\"(max-width: 1024px) 100vw, 1024px\" \/><\/figure>\n","protected":false},"excerpt":{"rendered":"<p>Con el objetivo de fortalecer la promoci\u00f3n del estado y coordinar acciones conjuntas para la celebraci\u00f3n del Concurso de Altares de Hanal Pix\u00e1n, la titular de la Secretar\u00eda de Turismo, Adda Sol\u00eds Peniche, sostuvo una reuni\u00f3n con el titular de Comunicaci\u00f3n Social, Walter Patr\u00f3n Bacab. Durante el encuentro, ambas dependencias reafirmaron su compromiso de trabajar [&hellip;]<\/p>\n","protected":false},"author":4,"featured_media":2348,"comment_status":"open","ping_status":"open","sticky":false,"template":"","format":"standard","meta":{"_acf_changed":false,"_et_pb_use_builder":"off","_et_pb_old_content":"","_et_gb_content_width":"","inline_featured_image":false,"footnotes":""},"categories":[37],"tags":[],"acf":[],"_links":{"self":[{"href":"https:\/\/turismo.campeche.gob.mx\/index.php?rest_route=\/wp\/v2\/posts\/2338"}],"collection":[{"href":"https:\/\/turismo.campeche.gob.mx\/index.php?rest_route=\/wp\/v2\/posts"}],"about":[{"href":"https:\/\/turismo.campeche.gob.mx\/index.php?rest_route=\/wp\/v2\/types\/post"}],"author":[{"embeddable":true,"href":"https:\/\/turismo.campeche.gob.mx\/index.php?rest_route=\/wp\/v2\/users\/4"}],"replies":[{"embeddable":true,"href":"https:\/\/turismo.campeche.gob.mx\/index.php?rest_route=%2Fwp%2Fv2%2Fcomments&post=2338"}],"version-history":[{"count":1,"href":"https:\/\/turismo.campeche.gob.mx\/index.php?rest_route=\/wp\/v2\/posts\/2338\/revisions"}],"predecessor-version":[{"id":2353,"href":"https:\/\/turismo.campeche.gob.mx\/index.php?rest_route=\/wp\/v2\/posts\/2338\/revisions\/2353"}],"wp:featuredmedia":[{"embeddable":true,"href":"https:\/\/turismo.campeche.gob.mx\/index.php?rest_route=\/wp\/v2\/media\/2348"}],"wp:attachment":[{"href":"https:\/\/turismo.campeche.gob.mx\/index.php?rest_route=%2Fwp%2Fv2%2Fmedia&parent=2338"}],"wp:term":[{"taxonomy":"category","embeddable":true,"href":"https:\/\/turismo.campeche.gob.mx\/index.php?rest_route=%2Fwp%2Fv2%2Fcategories&post=2338"},{"taxonomy":"post_tag","embeddable":true,"href":"https:\/\/turismo.campeche.gob.mx\/index.php?rest_route=%2Fwp%2Fv2%2Ftags&post=2338"}],"curies":[{"name":"wp","href":"https:\/\/api.w.org\/{rel}","templated":true}]}}