{"id":2327,"date":"2025-10-02T13:09:02","date_gmt":"2025-10-02T19:09:02","guid":{"rendered":"https:\/\/turismo.campeche.gob.mx\/?p=2327"},"modified":"2025-10-06T13:13:16","modified_gmt":"2025-10-06T19:13:16","slug":"la-secretaria-de-turismo-participa-en-la-caminata-campechana-2025","status":"publish","type":"post","link":"https:\/\/turismo.campeche.gob.mx\/?p=2327","title":{"rendered":"La Secretar\u00eda de Turismo participa en la Caminata Campechana 2025"},"content":{"rendered":"\n<p>La Secretar\u00eda de Turismo del Estado de Campeche particip\u00f3 con entusiasmo en la <strong>Caminata Campechana 2025<\/strong>, actividad organizada por el <strong>Sistema DIF Estatal<\/strong>, que reuni\u00f3 a familias, instituciones y ciudadan\u00eda en una jornada llena de color, tradici\u00f3n y orgullo campechano.<\/p>\n\n\n\n<p>Este evento reafirma el compromiso del Gobierno del Estado con la <strong>preservaci\u00f3n de las costumbres y tradiciones<\/strong> que fortalecen nuestra identidad cultural. La participaci\u00f3n de la Secretar\u00eda de Turismo refleja la importancia de promover el sentido de pertenencia y el amor por Campeche, elementos fundamentales para seguir consolidando al estado como un destino que celebra sus ra\u00edces.<\/p>\n\n\n\n<p>Nos llena de alegr\u00eda constatar que <strong>las tradiciones campechanas siguen vivas en el coraz\u00f3n de las y los campechanos<\/strong>, una herencia invaluable que debemos cuidar y transmitir a las nuevas generaciones.<\/p>\n\n\n\n<figure class=\"wp-block-image size-large\"><img loading=\"lazy\" decoding=\"async\" width=\"1024\" height=\"768\" src=\"https:\/\/turismo.campeche.gob.mx\/wp-content\/uploads\/CMNTA-2025-2-1-1024x768.jpg\" alt=\"\" class=\"wp-image-2328\" srcset=\"https:\/\/turismo.campeche.gob.mx\/wp-content\/uploads\/CMNTA-2025-2-1-980x735.jpg 980w, https:\/\/turismo.campeche.gob.mx\/wp-content\/uploads\/CMNTA-2025-2-1-480x360.jpg 480w\" sizes=\"(min-width: 0px) and (max-width: 480px) 480px, (min-width: 481px) and (max-width: 980px) 980px, (min-width: 981px) 1024px, 100vw\" \/><\/figure>\n","protected":false},"excerpt":{"rendered":"<p>La Secretar\u00eda de Turismo del Estado de Campeche particip\u00f3 con entusiasmo en la Caminata Campechana 2025, actividad organizada por el Sistema DIF Estatal, que reuni\u00f3 a familias, instituciones y ciudadan\u00eda en una jornada llena de color, tradici\u00f3n y orgullo campechano. Este evento reafirma el compromiso del Gobierno del Estado con la preservaci\u00f3n de las costumbres [&hellip;]<\/p>\n","protected":false},"author":4,"featured_media":2319,"comment_status":"open","ping_status":"open","sticky":false,"template":"","format":"standard","meta":{"_acf_changed":false,"_et_pb_use_builder":"off","_et_pb_old_content":"","_et_gb_content_width":"","inline_featured_image":false,"footnotes":""},"categories":[37],"tags":[],"acf":[],"_links":{"self":[{"href":"https:\/\/turismo.campeche.gob.mx\/index.php?rest_route=\/wp\/v2\/posts\/2327"}],"collection":[{"href":"https:\/\/turismo.campeche.gob.mx\/index.php?rest_route=\/wp\/v2\/posts"}],"about":[{"href":"https:\/\/turismo.campeche.gob.mx\/index.php?rest_route=\/wp\/v2\/types\/post"}],"author":[{"embeddable":true,"href":"https:\/\/turismo.campeche.gob.mx\/index.php?rest_route=\/wp\/v2\/users\/4"}],"replies":[{"embeddable":true,"href":"https:\/\/turismo.campeche.gob.mx\/index.php?rest_route=%2Fwp%2Fv2%2Fcomments&post=2327"}],"version-history":[{"count":1,"href":"https:\/\/turismo.campeche.gob.mx\/index.php?rest_route=\/wp\/v2\/posts\/2327\/revisions"}],"predecessor-version":[{"id":2329,"href":"https:\/\/turismo.campeche.gob.mx\/index.php?rest_route=\/wp\/v2\/posts\/2327\/revisions\/2329"}],"wp:featuredmedia":[{"embeddable":true,"href":"https:\/\/turismo.campeche.gob.mx\/index.php?rest_route=\/wp\/v2\/media\/2319"}],"wp:attachment":[{"href":"https:\/\/turismo.campeche.gob.mx\/index.php?rest_route=%2Fwp%2Fv2%2Fmedia&parent=2327"}],"wp:term":[{"taxonomy":"category","embeddable":true,"href":"https:\/\/turismo.campeche.gob.mx\/index.php?rest_route=%2Fwp%2Fv2%2Fcategories&post=2327"},{"taxonomy":"post_tag","embeddable":true,"href":"https:\/\/turismo.campeche.gob.mx\/index.php?rest_route=%2Fwp%2Fv2%2Ftags&post=2327"}],"curies":[{"name":"wp","href":"https:\/\/api.w.org\/{rel}","templated":true}]}}