{"id":2296,"date":"2025-09-12T14:01:57","date_gmt":"2025-09-12T20:01:57","guid":{"rendered":"https:\/\/turismo.campeche.gob.mx\/?p=2296"},"modified":"2025-09-17T14:07:49","modified_gmt":"2025-09-17T20:07:49","slug":"clausura-del-taller-de-lengua-de-senas-mexicana-para-prestadores-de-servicios-turisticos-de-los-pueblos-magicos-de-campeche","status":"publish","type":"post","link":"https:\/\/turismo.campeche.gob.mx\/?p=2296","title":{"rendered":"CLAUSURA DEL TALLER DE LENGUA DE SE\u00d1AS MEXICANA PARA PRESTADORES DE SERVICIOS TUR\u00cdSTICOS DE LOS PUEBLOS M\u00c1GICOS DE CAMPECHE"},"content":{"rendered":"\n<p>La Secretar\u00eda de Turismo, en coordinaci\u00f3n con la Secretar\u00eda de Inclusi\u00f3n, llev\u00f3 a cabo la clausura del Taller de Lengua de Se\u00f1as Mexicana, dirigido a prestadores de servicios tur\u00edsticos de los Pueblos M\u00e1gicos del estado, con el prop\u00f3sito de impulsar un turismo m\u00e1s accesible e inclusivo. El curso tuvo como objetivo proporcionar a los prestadores de servicios tur\u00edsticos las habilidades y conocimientos necesarios para comunicarse con personas con discapacidad auditiva, fomentando el respeto, la empat\u00eda y la valoraci\u00f3n de la diversidad ling\u00fc\u00edstica y cultural. Durante la ceremonia de clausura se entregaron constancias a los 50 participantes que acreditaron el taller. Adem\u00e1s, se reconoci\u00f3 el compromiso con la inclusi\u00f3n social y la accesibilidad comunicativa de los Pueblos M\u00e1gicos de Palizada, Isla Aguada y Candelaria, que recibieron reconocimientos especiales por su destacada participaci\u00f3n en este proceso formativo.<\/p>\n\n\n\n<p> Este esfuerzo forma parte del compromiso de la Secretar\u00eda de Turismo de fortalecer a los prestadores de servicios tur\u00edsticos mediante la capacitaci\u00f3n en temas de turismo inclusivo, contribuyendo al cumplimiento de los objetivos establecidos en la Evaluaci\u00f3n Anual de Prestadores de Servicios Tur\u00edsticos. El secretario de turismo, Mauricio Arceo Pi\u00f1a, agradeci\u00f3 el apoyo de la Secretar\u00eda de Inclusi\u00f3n y de su titular, Lic. Ana Alicia Mex Soberanis, la Coordinaci\u00f3n de Estrategia Digital y Conectividad del Gobierno del Estado, los H. Ayuntamientos de Ciudad del Carmen, Candelaria y Palizada, as\u00ed como al Hotel Punta Perla, por su valiosa colaboraci\u00f3n para la realizaci\u00f3n de esta actividad. Con estas acciones, Campeche reafirma su compromiso de impulsar un turismo inclusivo, con perspectiva de derechos y accesibilidad para todas las personas.<\/p>\n\n\n\n<figure class=\"wp-block-image size-large\"><img loading=\"lazy\" decoding=\"async\" width=\"1024\" height=\"768\" src=\"https:\/\/turismo.campeche.gob.mx\/wp-content\/uploads\/Imagen-de-WhatsApp-2025-09-12-a-las-10.21.15_f5dcbf1f-1-1024x768.jpg\" alt=\"\" class=\"wp-image-2297\" srcset=\"https:\/\/turismo.campeche.gob.mx\/wp-content\/uploads\/Imagen-de-WhatsApp-2025-09-12-a-las-10.21.15_f5dcbf1f-1-980x735.jpg 980w, https:\/\/turismo.campeche.gob.mx\/wp-content\/uploads\/Imagen-de-WhatsApp-2025-09-12-a-las-10.21.15_f5dcbf1f-1-480x360.jpg 480w\" sizes=\"(min-width: 0px) and (max-width: 480px) 480px, (min-width: 481px) and (max-width: 980px) 980px, (min-width: 981px) 1024px, 100vw\" \/><\/figure>\n","protected":false},"excerpt":{"rendered":"<p>La Secretar\u00eda de Turismo, en coordinaci\u00f3n con la Secretar\u00eda de Inclusi\u00f3n, llev\u00f3 a cabo la clausura del Taller de Lengua de Se\u00f1as Mexicana, dirigido a prestadores de servicios tur\u00edsticos de los Pueblos M\u00e1gicos del estado, con el prop\u00f3sito de impulsar un turismo m\u00e1s accesible e inclusivo. El curso tuvo como objetivo proporcionar a los prestadores [&hellip;]<\/p>\n","protected":false},"author":4,"featured_media":2293,"comment_status":"open","ping_status":"open","sticky":false,"template":"","format":"standard","meta":{"_acf_changed":false,"_et_pb_use_builder":"off","_et_pb_old_content":"","_et_gb_content_width":"","inline_featured_image":false,"footnotes":""},"categories":[37],"tags":[],"acf":[],"_links":{"self":[{"href":"https:\/\/turismo.campeche.gob.mx\/index.php?rest_route=\/wp\/v2\/posts\/2296"}],"collection":[{"href":"https:\/\/turismo.campeche.gob.mx\/index.php?rest_route=\/wp\/v2\/posts"}],"about":[{"href":"https:\/\/turismo.campeche.gob.mx\/index.php?rest_route=\/wp\/v2\/types\/post"}],"author":[{"embeddable":true,"href":"https:\/\/turismo.campeche.gob.mx\/index.php?rest_route=\/wp\/v2\/users\/4"}],"replies":[{"embeddable":true,"href":"https:\/\/turismo.campeche.gob.mx\/index.php?rest_route=%2Fwp%2Fv2%2Fcomments&post=2296"}],"version-history":[{"count":1,"href":"https:\/\/turismo.campeche.gob.mx\/index.php?rest_route=\/wp\/v2\/posts\/2296\/revisions"}],"predecessor-version":[{"id":2298,"href":"https:\/\/turismo.campeche.gob.mx\/index.php?rest_route=\/wp\/v2\/posts\/2296\/revisions\/2298"}],"wp:featuredmedia":[{"embeddable":true,"href":"https:\/\/turismo.campeche.gob.mx\/index.php?rest_route=\/wp\/v2\/media\/2293"}],"wp:attachment":[{"href":"https:\/\/turismo.campeche.gob.mx\/index.php?rest_route=%2Fwp%2Fv2%2Fmedia&parent=2296"}],"wp:term":[{"taxonomy":"category","embeddable":true,"href":"https:\/\/turismo.campeche.gob.mx\/index.php?rest_route=%2Fwp%2Fv2%2Fcategories&post=2296"},{"taxonomy":"post_tag","embeddable":true,"href":"https:\/\/turismo.campeche.gob.mx\/index.php?rest_route=%2Fwp%2Fv2%2Ftags&post=2296"}],"curies":[{"name":"wp","href":"https:\/\/api.w.org\/{rel}","templated":true}]}}