{"id":2289,"date":"2025-09-11T12:59:03","date_gmt":"2025-09-11T18:59:03","guid":{"rendered":"https:\/\/turismo.campeche.gob.mx\/?p=2289"},"modified":"2025-09-17T13:05:08","modified_gmt":"2025-09-17T19:05:08","slug":"presentan-el-catalogo-de-experiencias-turisticas-viajes-por-el-mundo-maya-en-quintana-roo","status":"publish","type":"post","link":"https:\/\/turismo.campeche.gob.mx\/?p=2289","title":{"rendered":"PRESENTAN EL CAT\u00c1LOGO DE EXPERIENCIAS TUR\u00cdSTICAS \u201cVIAJES POR EL MUNDO MAYA\u201d EN QUINTANA ROO"},"content":{"rendered":"\n<p>La Secretar\u00eda de Turismo particip\u00f3 en la presentaci\u00f3n del Cat\u00e1logo de Experiencias Tur\u00edsticas \u201cViajes por el Mundo Maya\u201d, una acci\u00f3n consolidada del Plan de Trabajo de la Alianza Mundo Maya M\u00e9xico en colaboraci\u00f3n con la UNESCO. Este cat\u00e1logo re\u00fane 42 experiencias y cuatro rutas interestatales, la Ruta de la Guerra de Castas, la Ruta Arqueol\u00f3gica del Sur, la Ruta Puuc y la Ruta Sierra, que conectan historia, cultura y naturaleza de los cinco estados que conforman la regi\u00f3n del Mundo Maya M\u00e9xico. El evento cont\u00f3 con la presencia de autoridades de los tres niveles de gobierno, organismos internacionales y representantes del sector tur\u00edstico. Entre los asistentes estuvieron la gobernadora de Quintana Roo, Mara Lezama; la secretaria de Turismo Federal, Josefina Rodr\u00edguez Zamora; el director general de FONATUR, Sebasti\u00e1n Ram\u00edrez Mendoza; el director general del Tren Maya, general \u00d3scar David Lozano \u00c1guila; y Andr\u00e9s Morales, representante de la UNESCO en M\u00e9xico.<\/p>\n\n\n\n<p>Tambi\u00e9n participaron los secretarios de Turismo de Chiapas, Tabasco, Yucat\u00e1n, Quintana Roo y Campeche, quienes refrendaron su compromiso con el fortalecimiento del turismo comunitario. En esta presentaci\u00f3n destacaron 18 cooperativas comunitarias de Campeche que mostraron la riqueza y autenticidad de sus proyectos. Entre ellas se encuentran Choo Ba\u00b4ak de Pomuch, en Hecelchak\u00e1n; Eco Tankuch\u00e9, Corchadores de Sanseviera, Miel de la Familia Pat y Hiit Po\u00b4ok, todas de Tankuch\u00e9, Calkin\u00ed; as\u00ed como el Centro Ecotur\u00edstico Wotoch Aayin y el Centro Ecotur\u00edstico Carey, ubicados en Isla Arena, Calkin\u00ed. Tambi\u00e9n participaron La Casita de los \u00c1rboles Nativos de B\u00e9cal, Calkin\u00ed; Los Reyecitos Ukuchil Jeele de Miguel Colorado, Champot\u00f3n; y en Calakmul, el Campamento Yaax&#8217; Che de Conhuas, el Centro Ecotur\u00edstico \u201cEl Hormiguero\u201d de Eugenio Echeverr\u00eda Castellot II, adem\u00e1s de Hilos de Vida, Kanaan Ch\u00e9, Chaac Tunich, Las Amapolas, Neek Ich Che y Witzo K de la comunidad 20 de Noviembre. Finalmente, se cont\u00f3 con la presencia de Isla de P\u00e1jaros de Isla Aguada, en el municipio de Carmen. Con la presentaci\u00f3n del Cat\u00e1logo de Experiencias Tur\u00edsticas \u201cViajes por el Mundo Maya\u201d se consolida una herramienta que posiciona al turismo comunitario como un motor de desarrollo sostenible y de proyecci\u00f3n nacional e internacional. Al mismo tiempo, se reconoce el papel fundamental de las comunidades mayas en la preservaci\u00f3n de su cultura y de la riqueza natural que distingue a esta regi\u00f3n&nbsp;del&nbsp;pa\u00eds.<\/p>\n\n\n\n<figure class=\"wp-block-image size-large\"><img loading=\"lazy\" decoding=\"async\" width=\"1024\" height=\"768\" src=\"https:\/\/turismo.campeche.gob.mx\/wp-content\/uploads\/547283260_804944488706398_6578337838536304224_n-1024x768.jpg\" alt=\"\" class=\"wp-image-2292\" srcset=\"https:\/\/turismo.campeche.gob.mx\/wp-content\/uploads\/547283260_804944488706398_6578337838536304224_n-980x735.jpg 980w, https:\/\/turismo.campeche.gob.mx\/wp-content\/uploads\/547283260_804944488706398_6578337838536304224_n-480x360.jpg 480w\" sizes=\"(min-width: 0px) and (max-width: 480px) 480px, (min-width: 481px) and (max-width: 980px) 980px, (min-width: 981px) 1024px, 100vw\" \/><\/figure>\n","protected":false},"excerpt":{"rendered":"<p>La Secretar\u00eda de Turismo particip\u00f3 en la presentaci\u00f3n del Cat\u00e1logo de Experiencias Tur\u00edsticas \u201cViajes por el Mundo Maya\u201d, una acci\u00f3n consolidada del Plan de Trabajo de la Alianza Mundo Maya M\u00e9xico en colaboraci\u00f3n con la UNESCO. Este cat\u00e1logo re\u00fane 42 experiencias y cuatro rutas interestatales, la Ruta de la Guerra de Castas, la Ruta Arqueol\u00f3gica [&hellip;]<\/p>\n","protected":false},"author":4,"featured_media":2291,"comment_status":"open","ping_status":"open","sticky":false,"template":"","format":"standard","meta":{"_acf_changed":false,"_et_pb_use_builder":"off","_et_pb_old_content":"","_et_gb_content_width":"","inline_featured_image":false,"footnotes":""},"categories":[37],"tags":[],"acf":[],"_links":{"self":[{"href":"https:\/\/turismo.campeche.gob.mx\/index.php?rest_route=\/wp\/v2\/posts\/2289"}],"collection":[{"href":"https:\/\/turismo.campeche.gob.mx\/index.php?rest_route=\/wp\/v2\/posts"}],"about":[{"href":"https:\/\/turismo.campeche.gob.mx\/index.php?rest_route=\/wp\/v2\/types\/post"}],"author":[{"embeddable":true,"href":"https:\/\/turismo.campeche.gob.mx\/index.php?rest_route=\/wp\/v2\/users\/4"}],"replies":[{"embeddable":true,"href":"https:\/\/turismo.campeche.gob.mx\/index.php?rest_route=%2Fwp%2Fv2%2Fcomments&post=2289"}],"version-history":[{"count":1,"href":"https:\/\/turismo.campeche.gob.mx\/index.php?rest_route=\/wp\/v2\/posts\/2289\/revisions"}],"predecessor-version":[{"id":2295,"href":"https:\/\/turismo.campeche.gob.mx\/index.php?rest_route=\/wp\/v2\/posts\/2289\/revisions\/2295"}],"wp:featuredmedia":[{"embeddable":true,"href":"https:\/\/turismo.campeche.gob.mx\/index.php?rest_route=\/wp\/v2\/media\/2291"}],"wp:attachment":[{"href":"https:\/\/turismo.campeche.gob.mx\/index.php?rest_route=%2Fwp%2Fv2%2Fmedia&parent=2289"}],"wp:term":[{"taxonomy":"category","embeddable":true,"href":"https:\/\/turismo.campeche.gob.mx\/index.php?rest_route=%2Fwp%2Fv2%2Fcategories&post=2289"},{"taxonomy":"post_tag","embeddable":true,"href":"https:\/\/turismo.campeche.gob.mx\/index.php?rest_route=%2Fwp%2Fv2%2Ftags&post=2289"}],"curies":[{"name":"wp","href":"https:\/\/api.w.org\/{rel}","templated":true}]}}