{"id":1618,"date":"2024-06-17T10:52:57","date_gmt":"2024-06-17T16:52:57","guid":{"rendered":"https:\/\/turismo.campeche.gob.mx\/?p=1618"},"modified":"2024-07-23T11:50:14","modified_gmt":"2024-07-23T17:50:14","slug":"campeche-sera-sede-del-3er-campamento-nacional-de-ramas-menores-ansi-2024","status":"publish","type":"post","link":"https:\/\/turismo.campeche.gob.mx\/?p=1618","title":{"rendered":"Campeche ser\u00e1 sede del 3er. Campamento Nacional de Ramas Menores ANSI 2024"},"content":{"rendered":"\n<p class=\"has-text-align-center\">La Secretar\u00eda de Turismo de Campeche y la Asociaci\u00f3n Nacional de Scouts Independientes (ANSI) anunciaron en rueda de prensa el 3er Campamento Nacional de Ramas Menores ANSI 2024, que se celebrar\u00e1 del 26 al 28 de julio en Campeche con la participaci\u00f3n de 500 scouts de varias regiones del pa\u00eds. El evento, dirigido a ni\u00f1os de 4 a 11 a\u00f1os, busca promover el desarrollo escultista, natural, cultural y tur\u00edstico del Estado, adem\u00e1s de fortalecer la historia y cultura pirata mediante actividades acu\u00e1ticas y naturales. Mauricio Arceo Pi\u00f1a destac\u00f3 que el evento dar\u00e1 a conocer los atractivos tur\u00edsticos de Campeche, un destino seguro y acogedor.<\/p>\n","protected":false},"excerpt":{"rendered":"<p>La Secretar\u00eda de Turismo de Campeche y la Asociaci\u00f3n Nacional de Scouts Independientes (ANSI) anunciaron en rueda de prensa el 3er Campamento Nacional de Ramas Menores ANSI 2024, que se celebrar\u00e1 del 26 al 28 de julio en Campeche con la participaci\u00f3n de 500 scouts de varias regiones del pa\u00eds. El evento, dirigido a ni\u00f1os [&hellip;]<\/p>\n","protected":false},"author":4,"featured_media":1619,"comment_status":"open","ping_status":"open","sticky":false,"template":"","format":"standard","meta":{"_acf_changed":false,"_et_pb_use_builder":"off","_et_pb_old_content":"","_et_gb_content_width":"","inline_featured_image":false,"footnotes":""},"categories":[38],"tags":[],"acf":[],"_links":{"self":[{"href":"https:\/\/turismo.campeche.gob.mx\/index.php?rest_route=\/wp\/v2\/posts\/1618"}],"collection":[{"href":"https:\/\/turismo.campeche.gob.mx\/index.php?rest_route=\/wp\/v2\/posts"}],"about":[{"href":"https:\/\/turismo.campeche.gob.mx\/index.php?rest_route=\/wp\/v2\/types\/post"}],"author":[{"embeddable":true,"href":"https:\/\/turismo.campeche.gob.mx\/index.php?rest_route=\/wp\/v2\/users\/4"}],"replies":[{"embeddable":true,"href":"https:\/\/turismo.campeche.gob.mx\/index.php?rest_route=%2Fwp%2Fv2%2Fcomments&post=1618"}],"version-history":[{"count":1,"href":"https:\/\/turismo.campeche.gob.mx\/index.php?rest_route=\/wp\/v2\/posts\/1618\/revisions"}],"predecessor-version":[{"id":1620,"href":"https:\/\/turismo.campeche.gob.mx\/index.php?rest_route=\/wp\/v2\/posts\/1618\/revisions\/1620"}],"wp:featuredmedia":[{"embeddable":true,"href":"https:\/\/turismo.campeche.gob.mx\/index.php?rest_route=\/wp\/v2\/media\/1619"}],"wp:attachment":[{"href":"https:\/\/turismo.campeche.gob.mx\/index.php?rest_route=%2Fwp%2Fv2%2Fmedia&parent=1618"}],"wp:term":[{"taxonomy":"category","embeddable":true,"href":"https:\/\/turismo.campeche.gob.mx\/index.php?rest_route=%2Fwp%2Fv2%2Fcategories&post=1618"},{"taxonomy":"post_tag","embeddable":true,"href":"https:\/\/turismo.campeche.gob.mx\/index.php?rest_route=%2Fwp%2Fv2%2Ftags&post=1618"}],"curies":[{"name":"wp","href":"https:\/\/api.w.org\/{rel}","templated":true}]}}